{"id":2102,"date":"2009-01-22T09:16:25","date_gmt":"2009-01-22T08:16:25","guid":{"rendered":"http:\/\/heijbel.wordpress.com\/2009\/01\/22\/teater-gestaltar-demensvard"},"modified":"2009-01-22T09:16:25","modified_gmt":"2009-01-22T08:16:25","slug":"teater-gestaltar-demensvard","status":"publish","type":"post","link":"https:\/\/storytellers.se\/?p=2102","title":{"rendered":"Teater gestaltar demensv\u00e5rd"},"content":{"rendered":"<p>Jag kommer i kontakt med teatergrupper som vill uttrycka stories och gestalta exempel fr\u00e5n arbetslivet. Nu s\u00e5g jag i nyhetsbrevet fr\u00e5n<a href=\"http:\/\/www.minsektor.se\"><strong> Min Sektor<\/strong><\/a> att en utv\u00e4rdering av Malm\u00f6s demensv\u00e5rd har blivit <a href=\"http:\/\/www.suntliv.nu\/AFATemplates\/Page.aspx?id=12719\"><strong>teater<\/strong><\/a> med hj\u00e4lp av dramapedagoger fr\u00e5n Malm\u00f6 H\u00f6gskola. Det st\u00e5r i <a href=\"http:\/\/www.suntliv.nu\"><strong>suntliv.nu<\/strong><\/a>. Det g\u00e5r att \u00f6vers\u00e4tta en teoretisk utv\u00e4rdering till en emotionell gestaltning som sen kan visas f\u00f6r anh\u00f6riga, vikarier och nyanst\u00e4llda. Hur g\u00f6r man n\u00e4r de gamla dementa kvinnan blir orolig och absolut vill g\u00e5 f\u00f6r hon m\u00e5ste ta hand om sina barn?<\/p>\n","protected":false},"excerpt":{"rendered":"<p>Jag kommer i kontakt med teatergrupper som vill uttrycka stories och gestalta exempel fr\u00e5n arbetslivet. Nu s\u00e5g jag i nyhetsbrevet fr\u00e5n Min Sektor att en utv\u00e4rdering av Malm\u00f6s demensv\u00e5rd har blivit teater med hj\u00e4lp av dramapedagoger fr\u00e5n Malm\u00f6 H\u00f6gskola. Det st\u00e5r i suntliv.nu. Det g\u00e5r att \u00f6vers\u00e4tta en teoretisk utv\u00e4rdering till en emotionell gestaltning som&#8230;<\/p>\n","protected":false},"author":2,"featured_media":0,"comment_status":"open","ping_status":"closed","sticky":false,"template":"","format":"standard","meta":[],"categories":[4],"tags":[],"_links":{"self":[{"href":"https:\/\/storytellers.se\/index.php?rest_route=\/wp\/v2\/posts\/2102"}],"collection":[{"href":"https:\/\/storytellers.se\/index.php?rest_route=\/wp\/v2\/posts"}],"about":[{"href":"https:\/\/storytellers.se\/index.php?rest_route=\/wp\/v2\/types\/post"}],"author":[{"embeddable":true,"href":"https:\/\/storytellers.se\/index.php?rest_route=\/wp\/v2\/users\/2"}],"replies":[{"embeddable":true,"href":"https:\/\/storytellers.se\/index.php?rest_route=%2Fwp%2Fv2%2Fcomments&post=2102"}],"version-history":[{"count":0,"href":"https:\/\/storytellers.se\/index.php?rest_route=\/wp\/v2\/posts\/2102\/revisions"}],"wp:attachment":[{"href":"https:\/\/storytellers.se\/index.php?rest_route=%2Fwp%2Fv2%2Fmedia&parent=2102"}],"wp:term":[{"taxonomy":"category","embeddable":true,"href":"https:\/\/storytellers.se\/index.php?rest_route=%2Fwp%2Fv2%2Fcategories&post=2102"},{"taxonomy":"post_tag","embeddable":true,"href":"https:\/\/storytellers.se\/index.php?rest_route=%2Fwp%2Fv2%2Ftags&post=2102"}],"curies":[{"name":"wp","href":"https:\/\/api.w.org\/{rel}","templated":true}]}}