{"id":2100,"date":"2009-01-20T10:58:08","date_gmt":"2009-01-20T09:58:08","guid":{"rendered":"http:\/\/heijbel.wordpress.com\/2009\/01\/20\/storytelling-fjarde-statsmakten"},"modified":"2009-01-20T10:58:08","modified_gmt":"2009-01-20T09:58:08","slug":"storytelling-fjarde-statsmakten","status":"publish","type":"post","link":"https:\/\/storytellers.se\/?p=2100","title":{"rendered":"Storytelling &amp; Fj\u00e4rde Statsmakten"},"content":{"rendered":"<p>Internet \u00e4ndrar ingen kultur. Det \u00e4r vi m\u00e4nniskor som \u00e4ndrar och bygger kultur. Internet kan d\u00e4remot vara ett vapen, ett verktyg f\u00f6r distribution. Det \u00e4r vad vi h\u00f6r och vad vi s\u00e4ger som b\u00e4ddar f\u00f6r den egentliga kraften. Det t\u00e4nker jag p\u00e5, inte minst i dag, n\u00e4r <strong>Barack Obama<\/strong> installeras i Washington. Han \u00e4ger inte n\u00e4tet och den sociala webben men han f\u00f6rst\u00e5r vad det handlar om och levererar d\u00e4rf\u00f6r ett generationsbudskap som bl a via kanalval och arenor pekar p\u00e5 ett p\u00e5g\u00e5ende paradigmskifte i kommunikationen. P\u00e5&#8230;<\/p>\n<p><!--more--><br \/>\nsenare tid, inte minst i samband med stormen kring <strong>Liza Marklund<\/strong> och G\u00f6mdab\u00f6ckerna, har uttrycket <em>Fj\u00e4rde Statsmakten<\/em> dykt upp allt mer.<br \/>\nUttrycket anspelar, som det anv\u00e4nds p\u00e5 svenska spr\u00e5ket, p\u00e5 id\u00e9n att de s\u00e5 kallade <strong><em>Gammelmedierna<\/em><\/strong> (den Tredje Statsmakten i svenskt spr\u00e5kbruk) inte har kvar den sj\u00e4lvklara mediemakten och inte \u00e4r de enda och sj\u00e4lvklara kanalerna. Deras makthavare, journalister och mediechefer, har inte l\u00e4ngre sitt tidigare tilldelade tolkningsf\u00f6retr\u00e4de som de varit s\u00e5 vana vid n\u00e4r de agerat d\u00f6rrvakter och portat dem de inte vill sl\u00e4ppa in i tidningar och etermedia.<br \/>\nSociala media tr\u00e4der fram.<br \/>\nLiza Marklund valde att tiga och hennes v\u00e4nner i Tredje Statsmakten teg ocks\u00e5 lojalt med kompis Liza. Men d\u00e5 tog det ordentlig fart p\u00e5 bloggarna, p\u00e5 <em>de digitala<\/em> gatorna och torgen. Den Fj\u00e4rde Statsmakten, bloggosf\u00e4ren, v\u00e4grade h\u00e5lla tyst och tr\u00e4dde ist\u00e4llet fram och presenterade sig med full kraft. Inte minst via den tsunami av tantr\u00f6ster och namninsamlingar som till slut tvingade ut mediaeliten p\u00e5 balkongen vid torget.<br \/>\nDet \u00e4r en fascinerande tid d\u00e4r ocks\u00e5 Obama mobiliserar sina anh\u00e4ngare via nya mediastrukturerna.<br \/>\nF\u00f6r f\u00f6retag och organisationer har denna kommunikationsf\u00f6r\u00e4nding och nya maktbas f\u00f6rst\u00e5s ocks\u00e5 betydelse och \u00e4r v\u00e4rt en eftertanke. Det \u00e4r nog bara att inse att r\u00f6sterna i <em>Webb 2.0<\/em> eller den <em>Sociala webben<\/em> \u00e4r kraftfulla. F\u00f6rs\u00f6ker man f\u00f6rminska den kollektiva r\u00f6sten eller l\u00e5tsas som den inte finns s\u00e5 kan en enkel bris utvecklas till full storm.<br \/>\nDet skulle nog Liza Marklund ha t\u00e4nkt p\u00e5 innan. Den uppbl\u00e5sta maktens arrogans slog tillbaka mot henne h\u00e5rt. Fj\u00e4rde Statsmakten vann f\u00f6rsta ronden, om inte p\u00e5 knock out s\u00e5 i alla fall p\u00e5 po\u00e4ng.<br \/>\nVill du p\u00e5verka samtalet s\u00e5 delta. <em>Fr\u00e5ga. Lyssna. Tala. Leverera<\/em>.<br \/>\nDen k\u00f6pta, eller karri\u00e4rm\u00e4ssigt er\u00f6vrade, monologen i gammelmedia \u00e4r inte l\u00e4ngre sj\u00e4lvklart ohotad. F\u00f6rr kanske folket fyllde gator och torg med protesterande folkmassor n\u00e4r maktens arrogans gick f\u00f6r l\u00e5ngt. Nu \u00e4r det snarare bloggosf\u00e4rens gator och torg som fylls och som dessutom har den speciella f\u00f6rm\u00e5gan att via l\u00e4nkar f\u00f6r\u00f6ka sig genom delning.<\/p>\n","protected":false},"excerpt":{"rendered":"<p>Internet \u00e4ndrar ingen kultur. Det \u00e4r vi m\u00e4nniskor som \u00e4ndrar och bygger kultur. Internet kan d\u00e4remot vara ett vapen, ett verktyg f\u00f6r distribution. Det \u00e4r vad vi h\u00f6r och vad vi s\u00e4ger som b\u00e4ddar f\u00f6r den egentliga kraften. Det t\u00e4nker jag p\u00e5, inte minst i dag, n\u00e4r Barack Obama installeras i Washington. Han \u00e4ger inte&#8230;<\/p>\n","protected":false},"author":2,"featured_media":0,"comment_status":"open","ping_status":"closed","sticky":false,"template":"","format":"standard","meta":[],"categories":[2],"tags":[],"_links":{"self":[{"href":"https:\/\/storytellers.se\/index.php?rest_route=\/wp\/v2\/posts\/2100"}],"collection":[{"href":"https:\/\/storytellers.se\/index.php?rest_route=\/wp\/v2\/posts"}],"about":[{"href":"https:\/\/storytellers.se\/index.php?rest_route=\/wp\/v2\/types\/post"}],"author":[{"embeddable":true,"href":"https:\/\/storytellers.se\/index.php?rest_route=\/wp\/v2\/users\/2"}],"replies":[{"embeddable":true,"href":"https:\/\/storytellers.se\/index.php?rest_route=%2Fwp%2Fv2%2Fcomments&post=2100"}],"version-history":[{"count":0,"href":"https:\/\/storytellers.se\/index.php?rest_route=\/wp\/v2\/posts\/2100\/revisions"}],"wp:attachment":[{"href":"https:\/\/storytellers.se\/index.php?rest_route=%2Fwp%2Fv2%2Fmedia&parent=2100"}],"wp:term":[{"taxonomy":"category","embeddable":true,"href":"https:\/\/storytellers.se\/index.php?rest_route=%2Fwp%2Fv2%2Fcategories&post=2100"},{"taxonomy":"post_tag","embeddable":true,"href":"https:\/\/storytellers.se\/index.php?rest_route=%2Fwp%2Fv2%2Ftags&post=2100"}],"curies":[{"name":"wp","href":"https:\/\/api.w.org\/{rel}","templated":true}]}}