{"id":2096,"date":"2009-01-15T17:04:47","date_gmt":"2009-01-15T16:04:47","guid":{"rendered":"http:\/\/heijbel.wordpress.com\/2009\/01\/15\/storytelling-i-med-och-motgang"},"modified":"2009-01-15T17:04:47","modified_gmt":"2009-01-15T16:04:47","slug":"storytelling-i-med-och-motgang","status":"publish","type":"post","link":"https:\/\/storytellers.se\/?p=2096","title":{"rendered":"Storytelling i med- och motg\u00e5ng"},"content":{"rendered":"<p>Jag har arbetat flera g\u00e5nger med Storytelling hos Sas Sverige genom \u00e5ren. N\u00e4r det var tungt f\u00f6r n\u00e5gra \u00e5r sedan workshopade vi fram trots-allt-ber\u00e4ttelser, som en slags tr\u00f6st. N\u00e4r tsunamin kom och med den luftbron sk\u00f6rdade vi ber\u00e4ttelser fr\u00e5n dem som fl\u00f6g dessa dramatiska dagar. De handlade mycket om andra s\u00e4tt arbeta. N\u00e4r det gick r\u00e4tt bra f\u00f6r ett par \u00e5r sen hade vi Storyextas med hela personalen i Globen. Storytelling \u00e4r,<\/p>\n<p><!--more--><br \/>\nett multiverktyg som kan anv\u00e4ndas p\u00e5 olika s\u00e4tt i olika situationer. Minnen av positiva h\u00e4ndelser kan ibland f\u00f6rst\u00e4rka tron p\u00e5 framtiden.<br \/>\nVD <strong>Anders Ehrling<\/strong> sa f\u00f6ljaktligen till UNT nyligen att:<br \/>\n<em>&#8211; Man f\u00e5r f\u00f6rs\u00f6ka hitta gl\u00e4dje\u00e4mnen d\u00e4r de finns. Vi \u00e4gnar en hel del tid \u00e5t storytelling h\u00e4r, ett exempel \u00e4r v\u00e5ra veckom\u00f6ten d\u00e5 vi turas om att ber\u00e4tta n\u00e5gon positiv h\u00e4ndelse fr\u00e5n den senaste veckan.<\/em><br \/>\nJag f\u00f6rst\u00e5r s\u00e5 v\u00e4l. Nu beh\u00f6vs ber\u00e4ttelser f\u00f6r att inte tappa f\u00f6r mycket energi i denna sv\u00e5ra tid. Att ha punkten Storytelling p\u00e5 veckom\u00f6tet \u00e4r ett bra s\u00e4tt att ta tillvara det positiva som \u00e4nd\u00e5 finns n\u00e4r allt k\u00e4nns sv\u00e5rt.<\/p>\n","protected":false},"excerpt":{"rendered":"<p>Jag har arbetat flera g\u00e5nger med Storytelling hos Sas Sverige genom \u00e5ren. N\u00e4r det var tungt f\u00f6r n\u00e5gra \u00e5r sedan workshopade vi fram trots-allt-ber\u00e4ttelser, som en slags tr\u00f6st. N\u00e4r tsunamin kom och med den luftbron sk\u00f6rdade vi ber\u00e4ttelser fr\u00e5n dem som fl\u00f6g dessa dramatiska dagar. De handlade mycket om andra s\u00e4tt arbeta. N\u00e4r det gick&#8230;<\/p>\n","protected":false},"author":2,"featured_media":0,"comment_status":"open","ping_status":"closed","sticky":false,"template":"","format":"standard","meta":[],"categories":[2],"tags":[],"_links":{"self":[{"href":"https:\/\/storytellers.se\/index.php?rest_route=\/wp\/v2\/posts\/2096"}],"collection":[{"href":"https:\/\/storytellers.se\/index.php?rest_route=\/wp\/v2\/posts"}],"about":[{"href":"https:\/\/storytellers.se\/index.php?rest_route=\/wp\/v2\/types\/post"}],"author":[{"embeddable":true,"href":"https:\/\/storytellers.se\/index.php?rest_route=\/wp\/v2\/users\/2"}],"replies":[{"embeddable":true,"href":"https:\/\/storytellers.se\/index.php?rest_route=%2Fwp%2Fv2%2Fcomments&post=2096"}],"version-history":[{"count":0,"href":"https:\/\/storytellers.se\/index.php?rest_route=\/wp\/v2\/posts\/2096\/revisions"}],"wp:attachment":[{"href":"https:\/\/storytellers.se\/index.php?rest_route=%2Fwp%2Fv2%2Fmedia&parent=2096"}],"wp:term":[{"taxonomy":"category","embeddable":true,"href":"https:\/\/storytellers.se\/index.php?rest_route=%2Fwp%2Fv2%2Fcategories&post=2096"},{"taxonomy":"post_tag","embeddable":true,"href":"https:\/\/storytellers.se\/index.php?rest_route=%2Fwp%2Fv2%2Ftags&post=2096"}],"curies":[{"name":"wp","href":"https:\/\/api.w.org\/{rel}","templated":true}]}}