{"id":2094,"date":"2009-01-15T13:16:15","date_gmt":"2009-01-15T12:16:15","guid":{"rendered":"http:\/\/heijbel.wordpress.com\/2009\/01\/15\/storymarkt-gronlandsvatten"},"modified":"2009-01-15T13:16:15","modified_gmt":"2009-01-15T12:16:15","slug":"storymarkt-gronlandsvatten","status":"publish","type":"post","link":"https:\/\/storytellers.se\/?p=2094","title":{"rendered":"Storym\u00e4rkt Gr\u00f6nlandsvatten"},"content":{"rendered":"<p>Tomma b\u00e5tar som g\u00e5r tillbaka fr\u00e5n Gr\u00f6nland ska b\u00f6rja ta med is som f\u00e5ngats med f\u00e5ngstgarn kring de sm\u00e4ltande isarna. Den ska sen sm\u00e4ltas och buteljeras. Inte kan vi dricka upp de eventuellt stigande havsniv\u00e5erna men det \u00e4r f\u00f6rst\u00e5s ett exklusivt vatten. D\u00e4rf\u00f6r kommer det att tappas i Danmark p\u00e5 numrerade flaskor med isfiskarens namn och f\u00e5ngstdatum p\u00e5 varje enskild flaska. Detta &#8230;.<\/p>\n<p><!--more--><br \/>\n&#8230;h\u00f6rde jag p\u00e5 Sveriges Radios vetenskapsprogram <a href=\"http:\/\/www.sr.se\/sida\/Artikel.aspx?artikel=2567353&amp;ProgramID=3345\"><strong><em>Klotet<\/em><\/strong><\/a>.<br \/>\nUr storytellerperspektiv s\u00e5 \u00e4r det f\u00f6rst\u00e5s just detta att skicka med ber\u00e4ttelsen om fiskaren som h\u00f6jer v\u00e4rde och exklusivitet.<br \/>\nDet finns sen tidigare ett gammalt storytellerexempel om norska fiskare som b\u00f6rjade ursprungsm\u00e4rka fiskkonserver, sardiner tror jag det var, p\u00e5 samma s\u00e4tt. D\u00e4rmed kunde de h\u00f6ja priset eftersom just den informationen gav just dessa sardiner ett merv\u00e4rde p\u00e5 butikshyllan tack vare ber\u00e4ttelsen om fiskaren och b\u00e5ten och platsen och i det fallet ocks\u00e5 veckan p\u00e5 \u00e5ret d\u00e5 f\u00e5ngsten drogs upp.<br \/>\nFr\u00e5n anonym fisk till identifierad med andra ord. Storyn h\u00f6jer v\u00e4rdet. S\u00e5 blir det f\u00f6rst\u00e5s ocks\u00e5 med Gr\u00f6nlands-is-vattnet.<br \/>\nGr\u00f6nlandsvatten och ett h\u00e5llbart samh\u00e4lle d\u00e5? Funkar verkligen det?<br \/>\nJa, s\u00e4ger entrepren\u00f6rerna i Danmark. Tanken \u00e4r n\u00e4mligen att p\u00e5 sikt hantera vattnet p\u00e5 Gr\u00f6nland och att d\u00e5 anv\u00e4nda sol-och vattenkraft f\u00f6r att koldioxidneutralisera det gr\u00f6nl\u00e4ndska isvattnet.<br \/>\nMen till att b\u00f6rja med anv\u00e4nder man allts\u00e5 \u00e5terv\u00e4ndande b\u00e5tar som annars skulle g\u00e5tt tomma.<br \/>\nVattnet kommer till att b\u00f6rja med att erbjudas p\u00e5 restauranger d\u00e4r kunden \u00e4r beredd att betala priset f\u00f6r exklusiviteten att dricka vatten som legat infruset i hundratals \u00e5r n\u00e4ra Nordpolen.<br \/>\nF\u00f6rmodligen kommer dessa kunder att gilla och fascineras av att de vet namnet p\u00e5 isfiskaren som f\u00e5ngade det infrusna vattnet. S\u00e5 kommer ber\u00e4ttandet att spridas och bidra till marknadsf\u00f6ringen av Gr\u00f6nlandsvatten.<br \/>\nStr\u00e5lande sett ur ett Storytellerperspektiv.<\/p>\n","protected":false},"excerpt":{"rendered":"<p>Tomma b\u00e5tar som g\u00e5r tillbaka fr\u00e5n Gr\u00f6nland ska b\u00f6rja ta med is som f\u00e5ngats med f\u00e5ngstgarn kring de sm\u00e4ltande isarna. Den ska sen sm\u00e4ltas och buteljeras. Inte kan vi dricka upp de eventuellt stigande havsniv\u00e5erna men det \u00e4r f\u00f6rst\u00e5s ett exklusivt vatten. D\u00e4rf\u00f6r kommer det att tappas i Danmark p\u00e5 numrerade flaskor med isfiskarens namn&#8230;<\/p>\n","protected":false},"author":2,"featured_media":0,"comment_status":"open","ping_status":"closed","sticky":false,"template":"","format":"standard","meta":[],"categories":[2],"tags":[],"_links":{"self":[{"href":"https:\/\/storytellers.se\/index.php?rest_route=\/wp\/v2\/posts\/2094"}],"collection":[{"href":"https:\/\/storytellers.se\/index.php?rest_route=\/wp\/v2\/posts"}],"about":[{"href":"https:\/\/storytellers.se\/index.php?rest_route=\/wp\/v2\/types\/post"}],"author":[{"embeddable":true,"href":"https:\/\/storytellers.se\/index.php?rest_route=\/wp\/v2\/users\/2"}],"replies":[{"embeddable":true,"href":"https:\/\/storytellers.se\/index.php?rest_route=%2Fwp%2Fv2%2Fcomments&post=2094"}],"version-history":[{"count":0,"href":"https:\/\/storytellers.se\/index.php?rest_route=\/wp\/v2\/posts\/2094\/revisions"}],"wp:attachment":[{"href":"https:\/\/storytellers.se\/index.php?rest_route=%2Fwp%2Fv2%2Fmedia&parent=2094"}],"wp:term":[{"taxonomy":"category","embeddable":true,"href":"https:\/\/storytellers.se\/index.php?rest_route=%2Fwp%2Fv2%2Fcategories&post=2094"},{"taxonomy":"post_tag","embeddable":true,"href":"https:\/\/storytellers.se\/index.php?rest_route=%2Fwp%2Fv2%2Ftags&post=2094"}],"curies":[{"name":"wp","href":"https:\/\/api.w.org\/{rel}","templated":true}]}}