{"id":2092,"date":"2009-01-14T11:12:10","date_gmt":"2009-01-14T10:12:10","guid":{"rendered":"http:\/\/heijbel.wordpress.com\/2009\/01\/14\/internt-varumarkebyggande"},"modified":"2009-01-14T11:12:10","modified_gmt":"2009-01-14T10:12:10","slug":"internt-varumarkebyggande","status":"publish","type":"post","link":"https:\/\/storytellers.se\/?p=2092","title":{"rendered":"Internt varum\u00e4rkebyggande"},"content":{"rendered":"<p>Jag f\u00e5r hela tiden bes\u00f6k av en strid str\u00f6m studenter som skriver C- och D-uppsatser. Jag tar alltid emot dem dels f\u00f6r att jag tycker jag ska ge lite tillbaks efter mina egna sammanlagt 7 \u00e5r som student p\u00e5 universitet och h\u00f6gskolor en g\u00e5ng, men ocks\u00e5 f\u00f6r att jag h\u00f6r hur de t\u00e4nker och vad de nappar p\u00e5. Det d\u00e4rf\u00f6r jag ocks\u00e5 tackar jag till f\u00f6rel\u00e4sningar p\u00e5 universitet och h\u00f6gskolor. De l\u00e4r mig. I g\u00e5r&#8230;<\/p>\n<p><!--more--><br \/>\n&#8230;var det n\u00e5gra marknadsf\u00f6ringsstudenter som nu ska skriva en C-uppsats om Storytelling som verktyg i den interna marknadsf\u00f6ringen av produkter och tj\u00e4nster och om storytelling i det interna varum\u00e4rkesbyggandet, <em>internal branding<\/em>.<br \/>\nVi hade en bra diskussion d\u00e4r jag fick tala om mina m\u00e5nga erfarenheter av de olika fokus man kan ha med storytelling i och om organisationer och deras varor\/tj\u00e4nster.<br \/>\nEn del fr\u00e5gar mest om Storytelling i marknadsf\u00f6ringen, andra om Storytelling vid rekrytering och ytterligare andra om Storytelling i arbetet med att utveckla f\u00f6retagskulturen.<br \/>\nMen har var det allts\u00e5 fr\u00e5ga om verktyget riktat in\u00e5t.<br \/>\n<em><strong>B\u00f6rja hemma<\/strong><\/em> \u00e4r ett slagord som h\u00e4ngt med genom \u00e5rtiondena och som jag tycker h\u00e5ller fortfarande. Du ska allts\u00e5 inte ropa ut\u00e5t innan du ropat in\u00e5t.<br \/>\nN\u00e4r det g\u00e4ller just Storytelling och varum\u00e4rkesarbetet internt s\u00e5 \u00e4r det egntligen \u00e4nnu mer sp\u00e4nnande.<br \/>\nDet handlar d\u00e5 inte bara om att f\u00f6rankra f\u00e4rdiga budskap och f\u00f6rbereda det egna folket p\u00e5 kommande aktiviteter och kampanjer. I storytellingv\u00e4rlden \u00e4r det, enligt min erfarenhet, fr\u00e5ga om att <em>sk\u00f6rda ber\u00e4ttelser<\/em> bland m\u00e4nniskorna, inne och ute, f\u00f6r att med dessa ber\u00e4ttelser <em>befolka varum\u00e4rket<\/em> och d\u00e4rmed kunna addera emotionella och kulturella v\u00e4rden till varor och tj\u00e4nster.<br \/>\nEn medveten intern satsning p\u00e5 att med stories st\u00e4rka och utveckla varum\u00e4rket \u00e4r ett s\u00e4tt att f\u00f6rst\u00e4rka hela relationen och dialogen mellan f\u00f6retaget \/ organisationen och  marknaden med kunder \/ klienter.<br \/>\nSanna ber\u00e4ttelser, medvetet sk\u00f6rdade och valda, s\u00e4tter energi i hela verksamheten. Och detta med hj\u00e4lp av ett kultur- och ber\u00e4ttarkapital som redan finns d\u00e4r och som bara v\u00e4ntar p\u00e5 att bli sk\u00f6rdat och aktiverat.<\/p>\n","protected":false},"excerpt":{"rendered":"<p>Jag f\u00e5r hela tiden bes\u00f6k av en strid str\u00f6m studenter som skriver C- och D-uppsatser. Jag tar alltid emot dem dels f\u00f6r att jag tycker jag ska ge lite tillbaks efter mina egna sammanlagt 7 \u00e5r som student p\u00e5 universitet och h\u00f6gskolor en g\u00e5ng, men ocks\u00e5 f\u00f6r att jag h\u00f6r hur de t\u00e4nker och vad&#8230;<\/p>\n","protected":false},"author":2,"featured_media":0,"comment_status":"open","ping_status":"closed","sticky":false,"template":"","format":"standard","meta":[],"categories":[6],"tags":[],"_links":{"self":[{"href":"https:\/\/storytellers.se\/index.php?rest_route=\/wp\/v2\/posts\/2092"}],"collection":[{"href":"https:\/\/storytellers.se\/index.php?rest_route=\/wp\/v2\/posts"}],"about":[{"href":"https:\/\/storytellers.se\/index.php?rest_route=\/wp\/v2\/types\/post"}],"author":[{"embeddable":true,"href":"https:\/\/storytellers.se\/index.php?rest_route=\/wp\/v2\/users\/2"}],"replies":[{"embeddable":true,"href":"https:\/\/storytellers.se\/index.php?rest_route=%2Fwp%2Fv2%2Fcomments&post=2092"}],"version-history":[{"count":0,"href":"https:\/\/storytellers.se\/index.php?rest_route=\/wp\/v2\/posts\/2092\/revisions"}],"wp:attachment":[{"href":"https:\/\/storytellers.se\/index.php?rest_route=%2Fwp%2Fv2%2Fmedia&parent=2092"}],"wp:term":[{"taxonomy":"category","embeddable":true,"href":"https:\/\/storytellers.se\/index.php?rest_route=%2Fwp%2Fv2%2Fcategories&post=2092"},{"taxonomy":"post_tag","embeddable":true,"href":"https:\/\/storytellers.se\/index.php?rest_route=%2Fwp%2Fv2%2Ftags&post=2092"}],"curies":[{"name":"wp","href":"https:\/\/api.w.org\/{rel}","templated":true}]}}