{"id":2084,"date":"2008-12-27T12:17:36","date_gmt":"2008-12-27T11:17:36","guid":{"rendered":"http:\/\/heijbel.wordpress.com\/2008\/12\/27\/intervjuad-apropa-iphone"},"modified":"2008-12-27T12:17:36","modified_gmt":"2008-12-27T11:17:36","slug":"intervjuad-apropa-iphone","status":"publish","type":"post","link":"https:\/\/storytellers.se\/?p=2084","title":{"rendered":"Intervjuad aprop\u00e5 Iphone"},"content":{"rendered":"<p>Jag hittade ett radioinslag fr\u00e5n P1-morgon d\u00e4r jag intervjuades i samband med lanseringen av Iphone i somras. <a href=\"http:\/\/www.sr.se\/cgi-bin\/p1\/program\/arkiv.asp?ProgramID=1650&amp;formatID=116&amp;Max=2038-04-15&amp;Min=2004-04-21&amp;PeriodStart=2008-07-29&amp;Period=3&amp;Artikel=2187249\"><strong><em>H\u00e4r<\/em><\/strong><\/a> finns den.<\/p>\n","protected":false},"excerpt":{"rendered":"<p>Jag hittade ett radioinslag fr\u00e5n P1-morgon d\u00e4r jag intervjuades i samband med lanseringen av Iphone i somras. H\u00e4r finns den.<\/p>\n","protected":false},"author":2,"featured_media":0,"comment_status":"open","ping_status":"closed","sticky":false,"template":"","format":"standard","meta":[],"categories":[3],"tags":[],"_links":{"self":[{"href":"https:\/\/storytellers.se\/index.php?rest_route=\/wp\/v2\/posts\/2084"}],"collection":[{"href":"https:\/\/storytellers.se\/index.php?rest_route=\/wp\/v2\/posts"}],"about":[{"href":"https:\/\/storytellers.se\/index.php?rest_route=\/wp\/v2\/types\/post"}],"author":[{"embeddable":true,"href":"https:\/\/storytellers.se\/index.php?rest_route=\/wp\/v2\/users\/2"}],"replies":[{"embeddable":true,"href":"https:\/\/storytellers.se\/index.php?rest_route=%2Fwp%2Fv2%2Fcomments&post=2084"}],"version-history":[{"count":0,"href":"https:\/\/storytellers.se\/index.php?rest_route=\/wp\/v2\/posts\/2084\/revisions"}],"wp:attachment":[{"href":"https:\/\/storytellers.se\/index.php?rest_route=%2Fwp%2Fv2%2Fmedia&parent=2084"}],"wp:term":[{"taxonomy":"category","embeddable":true,"href":"https:\/\/storytellers.se\/index.php?rest_route=%2Fwp%2Fv2%2Fcategories&post=2084"},{"taxonomy":"post_tag","embeddable":true,"href":"https:\/\/storytellers.se\/index.php?rest_route=%2Fwp%2Fv2%2Ftags&post=2084"}],"curies":[{"name":"wp","href":"https:\/\/api.w.org\/{rel}","templated":true}]}}