{"id":2078,"date":"2008-12-19T11:16:41","date_gmt":"2008-12-19T10:16:41","guid":{"rendered":"http:\/\/heijbel.wordpress.com\/2008\/12\/19\/jag-gor-en-fantastisk-resa"},"modified":"2008-12-19T11:16:41","modified_gmt":"2008-12-19T10:16:41","slug":"jag-gor-en-fantastisk-resa","status":"publish","type":"post","link":"https:\/\/storytellers.se\/?p=2078","title":{"rendered":"Jag g\u00f6r en fantastisk resa"},"content":{"rendered":"<p>Jag fick fr\u00e5gan om det inte \u00e4r fantastiskt roligt att bara f\u00e5 st\u00e5 s\u00e5 d\u00e4r inf\u00f6r flera hundra m\u00e4nniskor och ber\u00e4tta om f\u00f6retag och organisationer. Jag svarade att det \u00e4r fantastiskt roligt men att det speciella inte \u00e4r att <em>jag<\/em> st\u00e5r d\u00e4r&#8230;<\/p>\n<p><!--more--><br \/>\n&#8230;mitt i centrum och f\u00e5r ber\u00e4tta n\u00e5got som uppskattas av dem som lyssnar.<br \/>\nJag f\u00e5r v\u00e4ldigt mycket uppskattning och tycker att jag har ett v\u00e4ldigt viktigt och roligt uppdrag p\u00e5 den svenska arbetsmarknaden. Men mest fantastiskt \u00e4r det f\u00f6r mina uppdragsgivare.<br \/>\nDet som \u00e4r riktigt sp\u00e4nnande och roligt \u00e4r att det jag ber\u00e4ttar om \u00e4r samtiden p\u00e5 den svenska arbetsmarknaden. Alla folkgrupper, stammar eller tribes om man s\u00e5 vill, som jag ser, granskar, sk\u00f6rdar och sen ber\u00e4ttar om v\u00e4xer av denna process.<br \/>\nAlla fantastiska m\u00e4nniskor som ih\u00e4rdigt och flitigt f\u00e5r det h\u00e4r samh\u00e4llet att fungera. Jag bara sk\u00f6rdar deras ber\u00e4ttelser och s\u00e4tter storisarna i arbete.<br \/>\nDet \u00e4r roligt. M\u00e4nniskorna i och omkring f\u00f6retagen och organisationerna blir \u00f6verraskade, stimulerade och glada. De skrattar, ryser, gr\u00e5ter och till och med jublar av att f\u00e5 h\u00f6ra sig sj\u00e4lva beskrivas som hj\u00e4ltar och viktiga m\u00e4nniskor i ett varum\u00e4rkes tj\u00e4nst.<br \/>\nSka jag vara riktigt h\u00f6gtidlig s\u00e5 kan jag s\u00e4ga att jag bidrar till deras framg\u00e5ng och det \u00e4r den st\u00f6rsta tillfredsst\u00e4llelse jag f\u00e5r i mitt arbete med att sk\u00f6rda och s\u00e4tta ber\u00e4ttelser i arbete f\u00f6r att hj\u00e4lpa mina uppdragsgivare till framg\u00e5ng.<br \/>\nDet \u00e4r f\u00f6r mig oberipligt att det finns f\u00f6retag som <strong>INTE<\/strong> l\u00e5ter detta ske ocks\u00e5 hos dem. Allt finns ju d\u00e4r redan. Det handlar bara om att s\u00f6ka, sk\u00f6rda och s\u00e4tta i arbete.<br \/>\nJag \u00e5 min sida f\u00e5r som kommersiell socialantropolog \/ folklivsforskare g\u00f6ra en sp\u00e4nnande resa i den svenska marknadsdjungeln.<\/p>\n","protected":false},"excerpt":{"rendered":"<p>Jag fick fr\u00e5gan om det inte \u00e4r fantastiskt roligt att bara f\u00e5 st\u00e5 s\u00e5 d\u00e4r inf\u00f6r flera hundra m\u00e4nniskor och ber\u00e4tta om f\u00f6retag och organisationer. Jag svarade att det \u00e4r fantastiskt roligt men att det speciella inte \u00e4r att jag st\u00e5r d\u00e4r&#8230;<\/p>\n","protected":false},"author":2,"featured_media":0,"comment_status":"open","ping_status":"closed","sticky":false,"template":"","format":"standard","meta":[],"categories":[6],"tags":[],"_links":{"self":[{"href":"https:\/\/storytellers.se\/index.php?rest_route=\/wp\/v2\/posts\/2078"}],"collection":[{"href":"https:\/\/storytellers.se\/index.php?rest_route=\/wp\/v2\/posts"}],"about":[{"href":"https:\/\/storytellers.se\/index.php?rest_route=\/wp\/v2\/types\/post"}],"author":[{"embeddable":true,"href":"https:\/\/storytellers.se\/index.php?rest_route=\/wp\/v2\/users\/2"}],"replies":[{"embeddable":true,"href":"https:\/\/storytellers.se\/index.php?rest_route=%2Fwp%2Fv2%2Fcomments&post=2078"}],"version-history":[{"count":0,"href":"https:\/\/storytellers.se\/index.php?rest_route=\/wp\/v2\/posts\/2078\/revisions"}],"wp:attachment":[{"href":"https:\/\/storytellers.se\/index.php?rest_route=%2Fwp%2Fv2%2Fmedia&parent=2078"}],"wp:term":[{"taxonomy":"category","embeddable":true,"href":"https:\/\/storytellers.se\/index.php?rest_route=%2Fwp%2Fv2%2Fcategories&post=2078"},{"taxonomy":"post_tag","embeddable":true,"href":"https:\/\/storytellers.se\/index.php?rest_route=%2Fwp%2Fv2%2Ftags&post=2078"}],"curies":[{"name":"wp","href":"https:\/\/api.w.org\/{rel}","templated":true}]}}