{"id":2056,"date":"2008-12-03T10:54:09","date_gmt":"2008-12-03T09:54:09","guid":{"rendered":"http:\/\/heijbel.wordpress.com\/2008\/12\/03\/den-journalistiska-metoden"},"modified":"2008-12-03T10:54:09","modified_gmt":"2008-12-03T09:54:09","slug":"den-journalistiska-metoden","status":"publish","type":"post","link":"https:\/\/storytellers.se\/?p=2056","title":{"rendered":"Den journalistiska metoden"},"content":{"rendered":"<p>Jag hade i m\u00e5nga \u00e5r, framf\u00f6rallt p\u00e5 90-talet, kurser och seminarier i <em>Den journalistiska metoden<\/em>. Det h\u00e4nder nu ocks\u00e5 att jag tar fram det konceptet. I dag hade jag en s\u00e5dant seminarium f\u00f6r en PR-byr\u00e5. Bakgrunden \u00e4r den att&#8230;<\/p>\n<p><!--more--><br \/>\n&#8230;n\u00e4r jag var med och startade <strong>Journalistgruppen<\/strong> f\u00f6r m\u00e5nga \u00e5r sedan visade det sig att m\u00e5nga icke-journalister ocks\u00e5 var intresserade av det raka, snabba spr\u00e5k som journalistiken hade utvecklat genom \u00e5rhundraden.<br \/>\nTillsammans med bland andra <strong>Anders Lugn<\/strong>, vi var en tid h\u00e4lften\u00e4gare i Journalistgruppen, utvecklade jag d\u00e5 Den journalistiska metoden.<br \/>\nNumera \u00e4r det mest storytelling i min v\u00e4rld, den inneb\u00e4r en helt annan typ av dramaturgi \u00e4n den g\u00e4ngse journalistiska, men fortfarande finns mycket att h\u00e4mta ur den journalistiska verktygsl\u00e5dan f\u00f6r bland annat marknadsf\u00f6rare, PR-m\u00e4nniskor och ledare som vill vara mer kommunikativa.<br \/>\n<em>Rakt p\u00e5 sak, det viktigaste f\u00f6rst, talbart spr\u00e5k. Inneb\u00f6rden i en bra rubrik och v\u00e4rdet av att snabbt komma till sak<\/em>. Dessa insikter l\u00e4mpar sig bra f\u00f6r snabba seminarier som \u00f6kar fokus och snabbhet f\u00f6r den som vet vad han eller hon vill kommuniccera men har sv\u00e5rt att f\u00e5 fram det snabbt rakt och tydligt.<br \/>\nSkulle du eller din organisation vara intresserad av ett eller flera seminarier om hur man snabbar upp sig och blir tydligare med D<em>en journalistiska metoden<\/em> s\u00e5 kan du maila <a href=\"mailto:journalistiskametoden@storytellers.se\">journalistiskametoden@storytellers.se<\/a> s\u00e5 \u00e5terkommer jag.<br \/>\nMan kan sj\u00e4lvfallet \u00e4ven h\u00e4nga p\u00e5 ett <em>Storytellingseminarium<\/em> i ett s\u00e5dant uppl\u00e4gg.<\/p>\n","protected":false},"excerpt":{"rendered":"<p>Jag hade i m\u00e5nga \u00e5r, framf\u00f6rallt p\u00e5 90-talet, kurser och seminarier i Den journalistiska metoden. Det h\u00e4nder nu ocks\u00e5 att jag tar fram det konceptet. I dag hade jag en s\u00e5dant seminarium f\u00f6r en PR-byr\u00e5. Bakgrunden \u00e4r den att&#8230;<\/p>\n","protected":false},"author":2,"featured_media":0,"comment_status":"open","ping_status":"closed","sticky":false,"template":"","format":"standard","meta":[],"categories":[2],"tags":[],"_links":{"self":[{"href":"https:\/\/storytellers.se\/index.php?rest_route=\/wp\/v2\/posts\/2056"}],"collection":[{"href":"https:\/\/storytellers.se\/index.php?rest_route=\/wp\/v2\/posts"}],"about":[{"href":"https:\/\/storytellers.se\/index.php?rest_route=\/wp\/v2\/types\/post"}],"author":[{"embeddable":true,"href":"https:\/\/storytellers.se\/index.php?rest_route=\/wp\/v2\/users\/2"}],"replies":[{"embeddable":true,"href":"https:\/\/storytellers.se\/index.php?rest_route=%2Fwp%2Fv2%2Fcomments&post=2056"}],"version-history":[{"count":0,"href":"https:\/\/storytellers.se\/index.php?rest_route=\/wp\/v2\/posts\/2056\/revisions"}],"wp:attachment":[{"href":"https:\/\/storytellers.se\/index.php?rest_route=%2Fwp%2Fv2%2Fmedia&parent=2056"}],"wp:term":[{"taxonomy":"category","embeddable":true,"href":"https:\/\/storytellers.se\/index.php?rest_route=%2Fwp%2Fv2%2Fcategories&post=2056"},{"taxonomy":"post_tag","embeddable":true,"href":"https:\/\/storytellers.se\/index.php?rest_route=%2Fwp%2Fv2%2Ftags&post=2056"}],"curies":[{"name":"wp","href":"https:\/\/api.w.org\/{rel}","templated":true}]}}