{"id":2054,"date":"2008-12-02T12:12:47","date_gmt":"2008-12-02T11:12:47","guid":{"rendered":"http:\/\/heijbel.wordpress.com\/2008\/12\/02\/kraftfullt-trendbrott-pa-gang"},"modified":"2008-12-02T12:12:47","modified_gmt":"2008-12-02T11:12:47","slug":"kraftfullt-trendbrott-pa-gang","status":"publish","type":"post","link":"https:\/\/storytellers.se\/?p=2054","title":{"rendered":"Kraftfullt trendbrott p\u00e5 g\u00e5ng"},"content":{"rendered":"<p>Konjunkturl\u00e4get b\u00e4ddar f\u00f6r ett paradigmskifte i kommunikationen. Gamla, tunga, storskaliga kommunikationsl\u00f6sningar klingar av till f\u00f6rm\u00e5n f\u00f6r det nya. Mer flyttas kraftfullt till den Sociala webben men ocks\u00e5 in i organisationerna via Storytelling och Word of Mouth. Detta s\u00e4tt att vara \u00e4r billigare och arenorna och tekniken ligger redan d\u00e4r och v\u00e4ntar. N\u00e4r Obama rider in&#8230;<\/p>\n<p><!--more--><br \/>\n..i Washington kanske det ackompanjeras av att f\u00f6retag och organisationer f\u00f6ljer hans inslagna v\u00e4g n\u00e4r det g\u00e4ller bred, kostnadseffektiv kommunikation via Sociala media. H\u00e4r \u00e4r ett sp\u00e4nnande <a href=\"http:\/\/www.churchofthecustomer.com\/blog\/2008\/12\/the-window-is-o.html#comments\"><strong><em>resonemang<\/em><\/strong><\/a> kring mycket av detta.<br \/>\nF\u00f6retag och organisationer skrotar stora dyra marknadsunders\u00f6kningsprogram och b\u00f6rjar ist\u00e4llet kostnadseffektivt helt enkelt lyssna av bruset fr\u00e5n de verkliga varum\u00e4rkesbyggarna, dvs kunder och brukare. Man lyssnar av, deltar, levererar och p\u00e5verkar d\u00e4rmed snacket \u00f6ppet utan smygande ansiktsl\u00f6sa och offici\u00f6sa spr\u00e5kdr\u00e4kter.<br \/>\nKrisen g\u00f6r det helt enkelt m\u00f6jligt att t\u00e4nka &#8221;<em>outside the box<\/em>&#8221; n\u00e5got som som \u00e4r det charmiga i sig med kriser.<br \/>\nSpara pengar och dra ned, javisst. Men tystna inte utan kommunicera nytt i de kanaler som redan finns inom f\u00f6retag och i den Sociala webben.<br \/>\n<em>Storytelling i och om organisationer och kring varor och tj\u00e4nster<\/em> kommer att bli ett oerh\u00f6rt kraftfullt inneh\u00e5llsverktyg i denna process som vi nu \u00e4ntligen brett g\u00e5r in i.<br \/>\nKoncentrera helt enkelt p\u00e5 inneh\u00e5ll och dialog. Distributionskanalerna finns ju redan p\u00e5 n\u00e4tet, intran\u00e4tet, kundtidningar, personaltidningar, m\u00f6ten, ledarskap ja till och med p\u00e5 v\u00e4ggar och anslagstavlor p\u00e5 jobbet.<br \/>\nV\u00e5rda d\u00e4rf\u00f6r de intressenter du har och prisa och ta emot de varum\u00e4rkesevangelister som finns i och kring din organisation.<br \/>\nEn sp\u00e4nnande tid ligger i och med detta framf\u00f6r den som intresserar sig f\u00f6r perspektiven som odlas p\u00e5 denna webbplats.<\/p>\n","protected":false},"excerpt":{"rendered":"<p>Konjunkturl\u00e4get b\u00e4ddar f\u00f6r ett paradigmskifte i kommunikationen. Gamla, tunga, storskaliga kommunikationsl\u00f6sningar klingar av till f\u00f6rm\u00e5n f\u00f6r det nya. Mer flyttas kraftfullt till den Sociala webben men ocks\u00e5 in i organisationerna via Storytelling och Word of Mouth. Detta s\u00e4tt att vara \u00e4r billigare och arenorna och tekniken ligger redan d\u00e4r och v\u00e4ntar. N\u00e4r Obama rider in&#8230;<\/p>\n","protected":false},"author":2,"featured_media":0,"comment_status":"open","ping_status":"closed","sticky":false,"template":"","format":"standard","meta":[],"categories":[2],"tags":[],"_links":{"self":[{"href":"https:\/\/storytellers.se\/index.php?rest_route=\/wp\/v2\/posts\/2054"}],"collection":[{"href":"https:\/\/storytellers.se\/index.php?rest_route=\/wp\/v2\/posts"}],"about":[{"href":"https:\/\/storytellers.se\/index.php?rest_route=\/wp\/v2\/types\/post"}],"author":[{"embeddable":true,"href":"https:\/\/storytellers.se\/index.php?rest_route=\/wp\/v2\/users\/2"}],"replies":[{"embeddable":true,"href":"https:\/\/storytellers.se\/index.php?rest_route=%2Fwp%2Fv2%2Fcomments&post=2054"}],"version-history":[{"count":0,"href":"https:\/\/storytellers.se\/index.php?rest_route=\/wp\/v2\/posts\/2054\/revisions"}],"wp:attachment":[{"href":"https:\/\/storytellers.se\/index.php?rest_route=%2Fwp%2Fv2%2Fmedia&parent=2054"}],"wp:term":[{"taxonomy":"category","embeddable":true,"href":"https:\/\/storytellers.se\/index.php?rest_route=%2Fwp%2Fv2%2Fcategories&post=2054"},{"taxonomy":"post_tag","embeddable":true,"href":"https:\/\/storytellers.se\/index.php?rest_route=%2Fwp%2Fv2%2Ftags&post=2054"}],"curies":[{"name":"wp","href":"https:\/\/api.w.org\/{rel}","templated":true}]}}