{"id":2050,"date":"2008-11-26T15:13:17","date_gmt":"2008-11-26T14:13:17","guid":{"rendered":"http:\/\/heijbel.wordpress.com\/2008\/11\/26\/berattande-organisation"},"modified":"2008-11-26T15:13:17","modified_gmt":"2008-11-26T14:13:17","slug":"berattande-organisation","status":"publish","type":"post","link":"https:\/\/storytellers.se\/?p=2050","title":{"rendered":"Ber\u00e4ttande organisation"},"content":{"rendered":"<p>Ett begrepp som funnits i m\u00e5nga \u00e5r i och om organisationer \u00e4r <em><strong>Den l\u00e4rande organisationen<\/strong><\/em>. En filosofisk definition av f\u00f6rfattaren och forskaren Peter Senges hittar jag p\u00e5 n\u00e4tet:<em> \u201den l\u00e4rande organisation \u00e4r organiserad p\u00e5 ett s\u00e4tt som \u00f6verensst\u00e4mmer med den m\u00e4nskliga naturen \u2013 och m\u00e4nniskan \u00e4r av naturen intresserad av att l\u00e4ra.\u201d<\/em> Nu har jag b\u00f6rjat t\u00e4nka p\u00e5 begreppet <strong><em>Den ber\u00e4ttande organisationen<\/em><\/strong>&#8230;<\/p>\n<p><!--more--><br \/>\n&#8230;ett sp\u00e4nnande begrepp skulle det kunna vara om en organisation som f\u00f6rst\u00e5r v\u00e4rdet av att sk\u00f6rda sina ber\u00e4ttelser och s\u00e4tta dem i arbete, n\u00e5got jag hela tiden talar om. En ber\u00e4ttande organisation \u00e4r ju faktiskt ocks\u00e5, s\u00e5 som den l\u00e4rande enligt definitionen h\u00e4r ovanf\u00f6r, baserad i den m\u00e4nskliga naturen.<br \/>\nJag ska fundera vidare p\u00e5 den bilden av en storymedveten organisation.<br \/>\nSenge skriver ocks\u00e5: <em>&#8221;En organisation d\u00e4r man f\u00f6rm\u00e5r att ta tillvara den kunskap som redan finns och d\u00e4r man kan utveckla ny kunskap i takt med att omgivningen f\u00f6r\u00e4ndras, har ett f\u00f6rspr\u00e5ng framf\u00f6r andra organisationer.<\/em>&#8221;<br \/>\nFungerar r\u00e4tt bra med tankarna p\u00e5 det den h\u00e4r webbplatsen.<\/p>\n","protected":false},"excerpt":{"rendered":"<p>Ett begrepp som funnits i m\u00e5nga \u00e5r i och om organisationer \u00e4r Den l\u00e4rande organisationen. En filosofisk definition av f\u00f6rfattaren och forskaren Peter Senges hittar jag p\u00e5 n\u00e4tet: \u201den l\u00e4rande organisation \u00e4r organiserad p\u00e5 ett s\u00e4tt som \u00f6verensst\u00e4mmer med den m\u00e4nskliga naturen \u2013 och m\u00e4nniskan \u00e4r av naturen intresserad av att l\u00e4ra.\u201d Nu har jag&#8230;<\/p>\n","protected":false},"author":2,"featured_media":0,"comment_status":"open","ping_status":"closed","sticky":false,"template":"","format":"standard","meta":[],"categories":[2],"tags":[],"_links":{"self":[{"href":"https:\/\/storytellers.se\/index.php?rest_route=\/wp\/v2\/posts\/2050"}],"collection":[{"href":"https:\/\/storytellers.se\/index.php?rest_route=\/wp\/v2\/posts"}],"about":[{"href":"https:\/\/storytellers.se\/index.php?rest_route=\/wp\/v2\/types\/post"}],"author":[{"embeddable":true,"href":"https:\/\/storytellers.se\/index.php?rest_route=\/wp\/v2\/users\/2"}],"replies":[{"embeddable":true,"href":"https:\/\/storytellers.se\/index.php?rest_route=%2Fwp%2Fv2%2Fcomments&post=2050"}],"version-history":[{"count":0,"href":"https:\/\/storytellers.se\/index.php?rest_route=\/wp\/v2\/posts\/2050\/revisions"}],"wp:attachment":[{"href":"https:\/\/storytellers.se\/index.php?rest_route=%2Fwp%2Fv2%2Fmedia&parent=2050"}],"wp:term":[{"taxonomy":"category","embeddable":true,"href":"https:\/\/storytellers.se\/index.php?rest_route=%2Fwp%2Fv2%2Fcategories&post=2050"},{"taxonomy":"post_tag","embeddable":true,"href":"https:\/\/storytellers.se\/index.php?rest_route=%2Fwp%2Fv2%2Ftags&post=2050"}],"curies":[{"name":"wp","href":"https:\/\/api.w.org\/{rel}","templated":true}]}}