{"id":2046,"date":"2008-11-19T13:20:05","date_gmt":"2008-11-19T12:20:05","guid":{"rendered":"http:\/\/heijbel.wordpress.com\/2008\/11\/19\/nyhetsbrev-39-sa-de-alskar-kanken"},"modified":"2008-11-19T13:20:05","modified_gmt":"2008-11-19T12:20:05","slug":"nyhetsbrev-39-sa-de-alskar-kanken","status":"publish","type":"post","link":"https:\/\/storytellers.se\/?p=2046","title":{"rendered":"Nyhetsbrev 39: S\u00e5 de \u00e4lskar K\u00e5nken"},"content":{"rendered":"<p>I dag g\u00e5r nyhetsbrev nummer 39 ut till prenumeranterna. Vill du ocksa vara med p\u00e5 listan s\u00e5 kan du skriva in dig en bit ned till h\u00f6ger p\u00e5 den h\u00e4r sidan eller helt enkelt skicka din mailadress till <a href=\"mailto:nyhetsbrev@storytellers.se\">nyhetsbrev@storytellers.se<\/a><br \/>\nDet aktuella brevet finns p\u00e5 l\u00e4nken h\u00e4r under:<\/p>\n<p><!--more--><br \/>\nNyhetsbrev 39<br \/>\nHej Storytellerv\u00e4n,<br \/>\nDet \u00e4r dags f\u00f6r det trettionionde nyhetsbrevet fr\u00e5n storytellers.se. Storytellers vill vara den sj\u00e4lvklara svenskspr\u00e5kiga webbplatsen f\u00f6r den som intresserar sig f\u00f6r storytelling i och om organisationer och f\u00f6r hur man kan rekrytera eller ladda produkter och tj\u00e4nster med levande ber\u00e4ttelser.<br \/>\nDet mesta av det jag skriver h\u00e4r i nyhetsbrevet, ungef\u00e4r en g\u00e5ng i m\u00e5naden, finns ocks\u00e5 i f\u00f6rdjupad form p\u00e5 http:\/\/storytellers.se<br \/>\n++++++++++++++++++++++++++++++++++++++++++++++++<br \/>\nDet b\u00f6rjar kanske bli lite tjatigt med Barack Obama. Men f\u00f6r en retorikintresserad storyteller \u00e4r han ett makal\u00f6st exempel och ett sp\u00e4nnande generationspr\u00e5ng med en talskrivarpartner som inte ens fyllt 30.<br \/>\nI st\u00e4llet f\u00f6r att abstrahera och teoretisera v\u00e4ljarna talade han om verkliga m\u00e4nniskor. Retorikerna i Sverige stod f\u00f6rundrade. P\u00e5 den h\u00e4r punkten \u00e4r vi r\u00e4tt outvecklade i Sverige i det tidiga 2000-talet. Men jag vet och f\u00f6rst\u00e5r att det nu granskas och benchmarkas friskt n\u00e4r partierna ska f\u00f6rs\u00f6ka lyfta sig ur tr\u00f6tthet och stelhet och in i en befolkad retorisk teknik inf\u00f6r n\u00e4sta svenska val.<br \/>\nKanske kan vi l\u00e4ra lite av Obama och hans stories. Framf\u00f6rallt genom den retoriska passionen och genom att anv\u00e4nda den sociala webben.<br \/>\nJag har en del kommentarer och l\u00e4nkar om detta p\u00e5 storytellers.se<br \/>\n++++++++++++++++++++++++++++++++++++++++++++++++<br \/>\nJag h\u00f6rde en ber\u00e4ttelse om Fj\u00e4llr\u00e4vens klassiska K\u00e5nkenryggs\u00e4ck:<br \/>\nN\u00e4r Fj\u00e4llr\u00e4ven f\u00f6r m\u00e5nga \u00e5r sedan skulle \u00f6ppna en butik i Stockholm s\u00e5 hade man K\u00e5nkenryggs\u00e4cken som lockvara. Den som hade en gammal K\u00e5nken kunde komma in och l\u00e4mna den samtidigt som han\/hon k\u00f6pte en ny. D\u00e5 erbj\u00f6d Fj\u00e4llr\u00e4ven 50 kronors rabatt p\u00e5 den nya.<br \/>\nDet lockade m\u00e5nga kunder och det k\u00f6ptes en hel del nya K\u00e5nken under denna kampanj.<br \/>\nN\u00e4r sen den n\u00f6jda K\u00e5nkenkunden kom hem med den nya K\u00e5nken s\u00e5 sa familjen:<br \/>\n\u2013 Men vad har du gjort? Har du sk\u00e4nkt bort v\u00e5r gamla K\u00e5nken?<br \/>\n\u2013 Ja men jag fick ju 50 kronors rabatt p\u00e5 en ny.<br \/>\n\u2013 Man dumpar v\u00e4l inte bort en fullt fungerande K\u00e5nken f\u00f6r 50 kronor? T\u00e4nk f\u00f6rresten s\u00e5 mycket kul vi har haft med den genom \u00e5ren. Utflykter, skridskoturer och med barnen?<br \/>\nDenna scen upprepades i m\u00e5nga hem. Det ledde till att flera som hade nappat p\u00e5 erbjudandet kom tillbaks till butiken n\u00e5gon dag senare och undrade om de kunde f\u00e5 k\u00f6pa tillbaks sin gamla K\u00e5nken f\u00f6r de d\u00e4r 50 kronorna.<br \/>\nDet fick de och d\u00e4rmed hade de tv\u00e5 K\u00e5nken.<br \/>\nJag f\u00f6rmodar att de letade i h\u00f6gen av gamla K\u00e5nken i aff\u00e4ren och hittade just sin ryggs\u00e4ck med r\u00e4tt kaffefl\u00e4ck eller r\u00e4tt reva i n\u00e5gon kant. Med r\u00e4tt slitage. Med r\u00e4tt minnen och avtryck av ett liv tillsammans. N\u00f6jd kund, n\u00f6jd handlare.<br \/>\nDetta \u00e4r en utm\u00e4rkt historia om ett hur ett passionerat f\u00f6rh\u00e5llande till en produkt kan se ut. Lojala varum\u00e4rkesevangelister sviker inte sitt varum\u00e4rke.<br \/>\nDessa passionerade anv\u00e4ndare \u00e4r f\u00f6rst\u00e5s ett viktigt kapital f\u00f6r Fj\u00e4llr\u00e4ven.<br \/>\nPS: I Danmark l\u00e4r man f\u00f6r \u00f6vrigt vara \u00f6vertygad om att K\u00e5nken \u00e4r en dansk produkt. Svensk? Ot\u00e4nkbart, menar visst danskarna! DS<br \/>\n++++++++++++++++++++++++++++++++++++++++++++++++<br \/>\nUtan stories d\u00f6r f\u00f6retagen. Eftersom kultur uttrycks i ber\u00e4ttelser s\u00e5 \u00e4r en ber\u00e4ttarfattig verksamhet inte i god  form. Det \u00e4r lika sj\u00e4lvklart i en familj som i ett f\u00f6retag eller en myndighet. I ber\u00e4ttelserna speglas v\u00e4rderingar och \u00f6verf\u00f6rs kunskap. F\u00f6rr kanske vid l\u00e4gerelden. Nu kanske mer i fikarummet eller via digitala media.<br \/>\nGenom att som ledare lyssna av och involvera gruppen med hj\u00e4lp av v\u00e4l valda sanna ber\u00e4ttelser visar man sammanhang och kan presentera en riktning och t\u00e4nkbar framtid. Den som ger ber\u00e4ttelser f\u00e5r dessutom ber\u00e4ttelser tillbaks. Normal m\u00e4nsklig interaktion, helt enkelt.<br \/>\nN\u00e4r jag medverkade p\u00e5 Landsbygdskonferensen 2008 i Emmaboda nyligen s\u00e5 fick jag m\u00e5nga sp\u00e4nnande intryck. Men n\u00e4r byar, bygder och f\u00f6reningar ska g\u00f6ra sig synliga s\u00e5 tror jag att de ofta g\u00f6r misstaget att de fastnar i det f\u00f6rflutna. Det som var. De blir l\u00e4tt f\u00f6r museala utan att riktigt vara medvetna om det. Det talas ofta om att de unga inte \u00e4r intresserade av det som varit.<br \/>\nJag tror att det \u00e4r lika viktigt, om man vill g\u00f6ra en bygd synlig, att lyssna p\u00e5 de unga och ber\u00e4tta om vad som h\u00e4nder i dag och vad man hoppas om morgondagen. D\u00e5 kan man placebranda och v\u00e4cka ett intresse \u00f6ver gr\u00e4nserna.<br \/>\n++++++++++++++++++++++++++++++++++++++++++++++++<br \/>\nJag sj\u00e4lv har \u00e4nnu inte m\u00e4rkt av konjunkturavmattningen i n\u00e5gon st\u00f6rre utstr\u00e4ckning i mitt arbete. Jag tror att det kan bero p\u00e5 att storytelling \u00e4r ett verktyg som \u00e4r intressant ocks\u00e5 i motvind. Dels f\u00f6r att man beh\u00f6ver komma ih\u00e5g vad man kan, vad man vill och varf\u00f6r man h\u00e5ller p\u00e5 med det man g\u00f6r. Men ocks\u00e5 f\u00f6r att ber\u00e4ttelserna g\u00e5r att skicka in i existerande kanaler som webb, intran\u00e4t, kundtidningar, personaltidningar, nyhetsbrev, anslagstavlor. Och f\u00f6rst\u00e5s i situationsanpassat muntligt ledarskap. \u00c4ven sm\u00e4rta och sorg kan beh\u00f6va uttryckas.<br \/>\n++++++++++++++++++++++++++++++++++++++++++++++++<br \/>\nDen senaste m\u00e5naden har jag storytellat eller sk\u00f6rdat hos bland andra Folksam, Sandvik Coromant, Xdin, Moderna Filmer, Jusek, Svenska M\u00e4ssan och Kollektivtrafikbranschen som brett b\u00f6rjat ett samarbete f\u00f6r att radikalt \u00f6ka kollektiv\u00e5kandet. Alla har f\u00f6rst\u00e5s stories som kan anv\u00e4ndas f\u00f6r att n\u00e5 framg\u00e5ng och hantera motg\u00e5ng.<br \/>\nH\u00e4ndelsebaserat ber\u00e4ttande g\u00f6r verkligheten synlig och begriplig.<br \/>\n++++++++++++++++++++++++++++++++++++++++++++++++<br \/>\nDu har f\u00e5tt det h\u00e4r nyhetsbrevet f\u00f6r att du har varit p\u00e5 mina seminarier och skrivit upp dig, f\u00f6r att vi haft m\u00f6te tillsammans eller f\u00f6r att du skrivit in dig p\u00e5 storytellers.se<br \/>\nOm du inte vill ha det mer s\u00e5 v\u00e4nd det med ett nej tack s\u00e5 tar jag bort dig.<br \/>\nJag som skriver och ansvarar f\u00f6r inneh\u00e5llet heter Matts Heijbel. Citera g\u00e4rna med k\u00e4lla angiven.<br \/>\nTack f\u00f6r den h\u00e4r g\u00e5ngen h\u00e4lsar<br \/>\nMatts Heijbel Gr\u00f6dinge \/ Stockholm<br \/>\n19 november 2008<\/p>\n","protected":false},"excerpt":{"rendered":"<p>I dag g\u00e5r nyhetsbrev nummer 39 ut till prenumeranterna. Vill du ocksa vara med p\u00e5 listan s\u00e5 kan du skriva in dig en bit ned till h\u00f6ger p\u00e5 den h\u00e4r sidan eller helt enkelt skicka din mailadress till nyhetsbrev@storytellers.se Det aktuella brevet finns p\u00e5 l\u00e4nken h\u00e4r under:<\/p>\n","protected":false},"author":2,"featured_media":0,"comment_status":"open","ping_status":"closed","sticky":false,"template":"","format":"standard","meta":[],"categories":[8],"tags":[],"_links":{"self":[{"href":"https:\/\/storytellers.se\/index.php?rest_route=\/wp\/v2\/posts\/2046"}],"collection":[{"href":"https:\/\/storytellers.se\/index.php?rest_route=\/wp\/v2\/posts"}],"about":[{"href":"https:\/\/storytellers.se\/index.php?rest_route=\/wp\/v2\/types\/post"}],"author":[{"embeddable":true,"href":"https:\/\/storytellers.se\/index.php?rest_route=\/wp\/v2\/users\/2"}],"replies":[{"embeddable":true,"href":"https:\/\/storytellers.se\/index.php?rest_route=%2Fwp%2Fv2%2Fcomments&post=2046"}],"version-history":[{"count":0,"href":"https:\/\/storytellers.se\/index.php?rest_route=\/wp\/v2\/posts\/2046\/revisions"}],"wp:attachment":[{"href":"https:\/\/storytellers.se\/index.php?rest_route=%2Fwp%2Fv2%2Fmedia&parent=2046"}],"wp:term":[{"taxonomy":"category","embeddable":true,"href":"https:\/\/storytellers.se\/index.php?rest_route=%2Fwp%2Fv2%2Fcategories&post=2046"},{"taxonomy":"post_tag","embeddable":true,"href":"https:\/\/storytellers.se\/index.php?rest_route=%2Fwp%2Fv2%2Ftags&post=2046"}],"curies":[{"name":"wp","href":"https:\/\/api.w.org\/{rel}","templated":true}]}}