{"id":2044,"date":"2008-11-19T11:57:10","date_gmt":"2008-11-19T10:57:10","guid":{"rendered":"http:\/\/heijbel.wordpress.com\/2008\/11\/19\/exportera-svensk-story-know-how"},"modified":"2008-11-19T11:57:10","modified_gmt":"2008-11-19T10:57:10","slug":"exportera-svensk-story-know-how","status":"publish","type":"post","link":"https:\/\/storytellers.se\/?p=2044","title":{"rendered":"Exportera svensk story-know-how"},"content":{"rendered":"<p>I Sverige har vi en r\u00e4tt v\u00e4l utvecklad media- och kommunikationskultur i arbetslivet. Svenska reklambyr\u00e5er \u00e4r ofta framg\u00e5ngsrika \u00e4ven internationellt och m\u00e5nga svenska reklamm\u00e4nniskor g\u00f6r karri\u00e4r i andra l\u00e4nder. Det \u00e4r n\u00e5got med den svenska perspektiven som v\u00e4cker uppm\u00e4rksamhet. Nu har ocks\u00e5 jag f\u00e5tt f\u00f6rfr\u00e5gningar om jag fram\u00f6ver kan bidra med de svenska perspektiven i Bryssel \/ EU. Nu dyker det upp f\u00e4rska <a href=\"http:\/\/storytellerbrigitlaw.vpweb.be\/\"><strong><em>storytellerkonsulter i Belgien<\/em><\/strong><\/a>&#8230;<\/p>\n<p><!--more--><br \/>\n&#8230;som s\u00f6ker nu kontakt med de svenska perspektiven.<br \/>\nT\u00e4nk om vi kan b\u00f6rja exportera kulturkapitalperspektiven som v\u00e4xer sig allt starkare h\u00e4r. Sj\u00e4lv har jag haft flera uppdrag i internationella f\u00f6retag och det fungerar v\u00e4l \u00f6ver de gamla nationsgr\u00e4nserna.<br \/>\nJag tror att den svenska konsensustraditionen underl\u00e4ttar perspektiven att vi alla b\u00e4r ber\u00e4ttelserna som leder till organisationens framg\u00e5ng. Detta \u00e4r n\u00e5got som ofta g\u00f6r intryck p\u00e5 m\u00e4nniskor fr\u00e5n andra kulturer.<\/p>\n","protected":false},"excerpt":{"rendered":"<p>I Sverige har vi en r\u00e4tt v\u00e4l utvecklad media- och kommunikationskultur i arbetslivet. Svenska reklambyr\u00e5er \u00e4r ofta framg\u00e5ngsrika \u00e4ven internationellt och m\u00e5nga svenska reklamm\u00e4nniskor g\u00f6r karri\u00e4r i andra l\u00e4nder. Det \u00e4r n\u00e5got med den svenska perspektiven som v\u00e4cker uppm\u00e4rksamhet. Nu har ocks\u00e5 jag f\u00e5tt f\u00f6rfr\u00e5gningar om jag fram\u00f6ver kan bidra med de svenska perspektiven i&#8230;<\/p>\n","protected":false},"author":2,"featured_media":0,"comment_status":"open","ping_status":"closed","sticky":false,"template":"","format":"standard","meta":[],"categories":[9],"tags":[],"_links":{"self":[{"href":"https:\/\/storytellers.se\/index.php?rest_route=\/wp\/v2\/posts\/2044"}],"collection":[{"href":"https:\/\/storytellers.se\/index.php?rest_route=\/wp\/v2\/posts"}],"about":[{"href":"https:\/\/storytellers.se\/index.php?rest_route=\/wp\/v2\/types\/post"}],"author":[{"embeddable":true,"href":"https:\/\/storytellers.se\/index.php?rest_route=\/wp\/v2\/users\/2"}],"replies":[{"embeddable":true,"href":"https:\/\/storytellers.se\/index.php?rest_route=%2Fwp%2Fv2%2Fcomments&post=2044"}],"version-history":[{"count":0,"href":"https:\/\/storytellers.se\/index.php?rest_route=\/wp\/v2\/posts\/2044\/revisions"}],"wp:attachment":[{"href":"https:\/\/storytellers.se\/index.php?rest_route=%2Fwp%2Fv2%2Fmedia&parent=2044"}],"wp:term":[{"taxonomy":"category","embeddable":true,"href":"https:\/\/storytellers.se\/index.php?rest_route=%2Fwp%2Fv2%2Fcategories&post=2044"},{"taxonomy":"post_tag","embeddable":true,"href":"https:\/\/storytellers.se\/index.php?rest_route=%2Fwp%2Fv2%2Ftags&post=2044"}],"curies":[{"name":"wp","href":"https:\/\/api.w.org\/{rel}","templated":true}]}}