{"id":2038,"date":"2008-11-18T12:14:00","date_gmt":"2008-11-18T11:14:00","guid":{"rendered":"http:\/\/heijbel.wordpress.com\/2008\/11\/18\/kan-kyrkan-lara-av-en-kaffekedja"},"modified":"2008-11-18T12:14:00","modified_gmt":"2008-11-18T11:14:00","slug":"kan-kyrkan-lara-av-en-kaffekedja","status":"publish","type":"post","link":"https:\/\/storytellers.se\/?p=2038","title":{"rendered":"Kan kyrkan l\u00e4ra av en kaffekedja?"},"content":{"rendered":"<p>Min v\u00e4n Martin Garl\u00f6v skickade \u00f6ver den h\u00e4r <a href=\"http:\/\/www.youtube.com\/swf\/l.swf?swf=http%3A\/\/s.ytimg.com\/yt\/swf\/cps-vfl64504.swf&amp;video_id=D7_dZTrjw9I&amp;rel=1&amp;showsearch=1&amp;eurl=http%3A\/\/www.google.se\/reader\/view\/%3Fhl%3Dsv%26tab%3Dwy&amp;iurl=http%3A\/\/i1.ytimg.com\/vi\/D7_dZTrjw9I\/hqdefault.jpg&amp;sk=cpAKfpzodvZmKty2YN1Fu7NgnnqITQoFC&amp;use_get_video_info=1&amp;load_modules=1\"><strong><em>Youtube-l\u00e4nken<\/em><\/strong><\/a> som reflekterar \u00f6ver om kyrkan kanske skulle kunna l\u00e4ra av Starbucks s\u00e4tt att m\u00f6ta sina kunder. Skulle kyrkan kunna bli b\u00e4ttre p\u00e5 marknadsf\u00f6ring nu n\u00e4r till och med varum\u00e4rken arbetar med evangelister?<\/p>\n","protected":false},"excerpt":{"rendered":"<p>Min v\u00e4n Martin Garl\u00f6v skickade \u00f6ver den h\u00e4r Youtube-l\u00e4nken som reflekterar \u00f6ver om kyrkan kanske skulle kunna l\u00e4ra av Starbucks s\u00e4tt att m\u00f6ta sina kunder. Skulle kyrkan kunna bli b\u00e4ttre p\u00e5 marknadsf\u00f6ring nu n\u00e4r till och med varum\u00e4rken arbetar med evangelister?<\/p>\n","protected":false},"author":2,"featured_media":0,"comment_status":"open","ping_status":"closed","sticky":false,"template":"","format":"standard","meta":[],"categories":[3],"tags":[],"_links":{"self":[{"href":"https:\/\/storytellers.se\/index.php?rest_route=\/wp\/v2\/posts\/2038"}],"collection":[{"href":"https:\/\/storytellers.se\/index.php?rest_route=\/wp\/v2\/posts"}],"about":[{"href":"https:\/\/storytellers.se\/index.php?rest_route=\/wp\/v2\/types\/post"}],"author":[{"embeddable":true,"href":"https:\/\/storytellers.se\/index.php?rest_route=\/wp\/v2\/users\/2"}],"replies":[{"embeddable":true,"href":"https:\/\/storytellers.se\/index.php?rest_route=%2Fwp%2Fv2%2Fcomments&post=2038"}],"version-history":[{"count":0,"href":"https:\/\/storytellers.se\/index.php?rest_route=\/wp\/v2\/posts\/2038\/revisions"}],"wp:attachment":[{"href":"https:\/\/storytellers.se\/index.php?rest_route=%2Fwp%2Fv2%2Fmedia&parent=2038"}],"wp:term":[{"taxonomy":"category","embeddable":true,"href":"https:\/\/storytellers.se\/index.php?rest_route=%2Fwp%2Fv2%2Fcategories&post=2038"},{"taxonomy":"post_tag","embeddable":true,"href":"https:\/\/storytellers.se\/index.php?rest_route=%2Fwp%2Fv2%2Ftags&post=2038"}],"curies":[{"name":"wp","href":"https:\/\/api.w.org\/{rel}","templated":true}]}}