{"id":2034,"date":"2008-11-14T20:04:00","date_gmt":"2008-11-14T19:04:00","guid":{"rendered":"http:\/\/heijbel.wordpress.com\/2008\/11\/14\/toppmote-om-storytelling"},"modified":"2008-11-14T20:04:00","modified_gmt":"2008-11-14T19:04:00","slug":"toppmote-om-storytelling","status":"publish","type":"post","link":"https:\/\/storytellers.se\/?p=2034","title":{"rendered":"Toppm\u00f6te om Storytelling"},"content":{"rendered":"<p>N\u00e5gra fr\u00e5n konferensbranschen, n\u00e5gra fr\u00e5n IT-v\u00e4rlden. N\u00e5gra fr\u00e5n kollektivtrafiken och en och annan reklamare. Det gjorde dagens heldagsseminarium till ett riktigt toppm\u00f6te om storytelling. Alla f\u00f6rst\u00e5r att det beh\u00f6vs emotionell kommunikation. Men hur? Vi gav och tog. Wednesday Relations arrangerade.<\/p>\n","protected":false},"excerpt":{"rendered":"<p>N\u00e5gra fr\u00e5n konferensbranschen, n\u00e5gra fr\u00e5n IT-v\u00e4rlden. N\u00e5gra fr\u00e5n kollektivtrafiken och en och annan reklamare. Det gjorde dagens heldagsseminarium till ett riktigt toppm\u00f6te om storytelling. Alla f\u00f6rst\u00e5r att det beh\u00f6vs emotionell kommunikation. Men hur? Vi gav och tog. Wednesday Relations arrangerade.<\/p>\n","protected":false},"author":2,"featured_media":0,"comment_status":"open","ping_status":"closed","sticky":false,"template":"","format":"standard","meta":[],"categories":[2],"tags":[],"_links":{"self":[{"href":"https:\/\/storytellers.se\/index.php?rest_route=\/wp\/v2\/posts\/2034"}],"collection":[{"href":"https:\/\/storytellers.se\/index.php?rest_route=\/wp\/v2\/posts"}],"about":[{"href":"https:\/\/storytellers.se\/index.php?rest_route=\/wp\/v2\/types\/post"}],"author":[{"embeddable":true,"href":"https:\/\/storytellers.se\/index.php?rest_route=\/wp\/v2\/users\/2"}],"replies":[{"embeddable":true,"href":"https:\/\/storytellers.se\/index.php?rest_route=%2Fwp%2Fv2%2Fcomments&post=2034"}],"version-history":[{"count":0,"href":"https:\/\/storytellers.se\/index.php?rest_route=\/wp\/v2\/posts\/2034\/revisions"}],"wp:attachment":[{"href":"https:\/\/storytellers.se\/index.php?rest_route=%2Fwp%2Fv2%2Fmedia&parent=2034"}],"wp:term":[{"taxonomy":"category","embeddable":true,"href":"https:\/\/storytellers.se\/index.php?rest_route=%2Fwp%2Fv2%2Fcategories&post=2034"},{"taxonomy":"post_tag","embeddable":true,"href":"https:\/\/storytellers.se\/index.php?rest_route=%2Fwp%2Fv2%2Ftags&post=2034"}],"curies":[{"name":"wp","href":"https:\/\/api.w.org\/{rel}","templated":true}]}}