{"id":2032,"date":"2008-11-13T19:08:36","date_gmt":"2008-11-13T18:08:36","guid":{"rendered":"http:\/\/heijbel.wordpress.com\/2008\/11\/13\/svenska-massan"},"modified":"2008-11-13T19:08:36","modified_gmt":"2008-11-13T18:08:36","slug":"svenska-massan","status":"publish","type":"post","link":"https:\/\/storytellers.se\/?p=2032","title":{"rendered":"Svenska M\u00e4ssan"},"content":{"rendered":"<p>Jag har i dag tr\u00e4ffat <a href=\"http:\/\/www.svenskamassan.se\/index.asp?section=omSvenskaMassan\"><strong><em>Svenska M\u00e4ssan i G\u00f6teborg<\/em><\/strong><\/a>, personalen allts\u00e5. F\u00f6rst p\u00e5 f\u00f6rmiddagen 150-200 medarbetare. Sen p\u00e5 eftermiddagen cirka 25 som ville dela med sig av sitt kulturkapital i form av sina ber\u00e4ttelser. Det kallar jag sk\u00f6rdefest. N\u00e4r vi s\u00e5 sm\u00e5ningom f\u00e5tt en bruttolista med ber\u00e4ttelser s\u00e5 kommer det att bli dags att v\u00e4lja guldet i denna sk\u00f6rd och s\u00e4tta det i arbete. En r\u00f6rande ber\u00e4ttelse var den om&#8230;<\/p>\n<p><!--more--><br \/>\nkameran.<br \/>\nEn kvinnlig medarbetare som arbetar p\u00e5 m\u00e4ssan hade efter TUR, den \u00e5rliga Turistm\u00e4ssan, g\u00e5tt igenom den vanliga sk\u00f6rden av inl\u00e4mnade och upphittade f\u00f6rem\u00e5l.<br \/>\nHon tittade \u00f6ver vad de hade f\u00e5tt in efter TUR-m\u00e4ssan. H\u00e4r fanns bland annat en digital systemkamera. Hon visste f\u00f6rst\u00e5s inte vems den var men skulle f\u00f6rs\u00f6ka s\u00f6ka genom att titta igenom bilderna.<br \/>\nDe f\u00f6rsta bilderna visade en f\u00f6rlossning. Bild p\u00e5 klocka. Bild p\u00e5 mamma. Bild p\u00e5 klocka. Bild p\u00e5 nyf\u00f6tt barn. Bild p\u00e5 klippande av navelstr\u00e4ng&#8230;<br \/>\nHon gick vidare och hamnade sen i bilder fr\u00e5n TUR-m\u00e4ssan. Det var ju d\u00e4r kameran hade hittats. Hon s\u00e5g snart att det var bilder just fr\u00e5n \u00e5rets m\u00e4ssa.<br \/>\nBild p\u00e5 monter. Bild p\u00e5 f\u00f6rem\u00e5l i monter. Bild p\u00e5 man stolt framf\u00f6r monter.<br \/>\nHon zoomade d\u00e5 in mannen och zoomade in mannens ansikte. Det k\u00e4nde hon inte igen.<br \/>\nD\u00e5 lyckades hon zooma in hans namnbricka. D\u00e4r stod ett namn och ett f\u00f6retag och d\u00e5 kunde hon gissa vems kameran kanske var.<br \/>\nMannen som hade f\u00e5ngat sitt barns f\u00f6rlossning och som blivit fotograferad i sin monter hade f\u00e5tt sin kamera stulen. Han trodde inte sina \u00f6ron n\u00e4r Svenska M\u00e4ssan ringde och sa att de hade hans kamera.<br \/>\nDenna ber\u00e4ttelse kanske kommer att ing\u00e5 i den repertoar som jag med tiden ska utveckla dramaturgiskt f\u00f6r att hj\u00e4lpa till att st\u00e4rka organisationens v\u00e4rderingar och ladda varum\u00e4rket.<br \/>\nSvenska M\u00e4ssan \u00e4r en m\u00f6tesplats d\u00e4r \u00f6ver tv\u00e5 miljoner m\u00e4nniskor passerar varje \u00e5r.<\/p>\n","protected":false},"excerpt":{"rendered":"<p>Jag har i dag tr\u00e4ffat Svenska M\u00e4ssan i G\u00f6teborg, personalen allts\u00e5. F\u00f6rst p\u00e5 f\u00f6rmiddagen 150-200 medarbetare. Sen p\u00e5 eftermiddagen cirka 25 som ville dela med sig av sitt kulturkapital i form av sina ber\u00e4ttelser. Det kallar jag sk\u00f6rdefest. N\u00e4r vi s\u00e5 sm\u00e5ningom f\u00e5tt en bruttolista med ber\u00e4ttelser s\u00e5 kommer det att bli dags att v\u00e4lja&#8230;<\/p>\n","protected":false},"author":2,"featured_media":0,"comment_status":"open","ping_status":"closed","sticky":false,"template":"","format":"standard","meta":[],"categories":[4],"tags":[],"_links":{"self":[{"href":"https:\/\/storytellers.se\/index.php?rest_route=\/wp\/v2\/posts\/2032"}],"collection":[{"href":"https:\/\/storytellers.se\/index.php?rest_route=\/wp\/v2\/posts"}],"about":[{"href":"https:\/\/storytellers.se\/index.php?rest_route=\/wp\/v2\/types\/post"}],"author":[{"embeddable":true,"href":"https:\/\/storytellers.se\/index.php?rest_route=\/wp\/v2\/users\/2"}],"replies":[{"embeddable":true,"href":"https:\/\/storytellers.se\/index.php?rest_route=%2Fwp%2Fv2%2Fcomments&post=2032"}],"version-history":[{"count":0,"href":"https:\/\/storytellers.se\/index.php?rest_route=\/wp\/v2\/posts\/2032\/revisions"}],"wp:attachment":[{"href":"https:\/\/storytellers.se\/index.php?rest_route=%2Fwp%2Fv2%2Fmedia&parent=2032"}],"wp:term":[{"taxonomy":"category","embeddable":true,"href":"https:\/\/storytellers.se\/index.php?rest_route=%2Fwp%2Fv2%2Fcategories&post=2032"},{"taxonomy":"post_tag","embeddable":true,"href":"https:\/\/storytellers.se\/index.php?rest_route=%2Fwp%2Fv2%2Ftags&post=2032"}],"curies":[{"name":"wp","href":"https:\/\/api.w.org\/{rel}","templated":true}]}}