{"id":2030,"date":"2008-11-12T10:54:30","date_gmt":"2008-11-12T09:54:30","guid":{"rendered":"http:\/\/heijbel.wordpress.com\/2008\/11\/12\/en-ikeastory-igen"},"modified":"2008-11-12T10:54:30","modified_gmt":"2008-11-12T09:54:30","slug":"en-ikeastory-igen","status":"publish","type":"post","link":"https:\/\/storytellers.se\/?p=2030","title":{"rendered":"En Ikeastory igen"},"content":{"rendered":"<p><strong>Jeanette S\u00f6derberg<\/strong> utses av tidningen Chef till <a href=\"http:\/\/www.dagensps.se\/artiklar\/2008\/11\/11\/78952724\/index.xml\"><strong><em>Sveriges b\u00e4sta chef<\/em><\/strong><\/a>. <em>Tjejen fr\u00e5n kassan<\/em> som gick hela v\u00e4gen blir en s\u00e5dan d\u00e4r underbar Ikeastory som bygger varum\u00e4rket. Det \u00e4r ju s\u00e5 starkt att Ikea till och med utsetts till <a href=\"http:\/\/www.storytellers.se\/txt\/2006\/12\/ikea_toppar_foe.html\"><strong><em>Sveriges mest trov\u00e4rdiga organisation<\/em><\/strong><\/a>, Sveriges mest eftertraktade arbetsplats och liknande. Och f\u00f6rtroendet f\u00f6r <a href=\"http:\/\/www.dagensmedia.se\/mallar\/dagensmedia_mall.asp?version=200436\"><strong><em>Kamprad<\/em><\/strong><\/a>, som nyligen gr\u00e4t hos KG Bergstr\u00f6m, \u00e4r f\u00f6rst\u00e5s obrutet. Nu \u00e4r f\u00f6rst\u00e5s Jeanette i sj\u00e4lva verket v\u00e4lutbildad och har g\u00e5tt sin karri\u00e4rv\u00e4g innan hon kom tillbaka och till topposten p\u00e5 Ikea. Att Ikea i annonser nu b\u00f6rjat ber\u00e4tta att man \u00e4r Kunglig Hovleverant\u00f6r \u00e4r en annan signal. Men det \u00e4r kanske det d\u00e4r att alla ska ha tlllg\u00e5ng till god design, fr\u00e5n slott till koja?<\/p>\n","protected":false},"excerpt":{"rendered":"<p>Jeanette S\u00f6derberg utses av tidningen Chef till Sveriges b\u00e4sta chef. Tjejen fr\u00e5n kassan som gick hela v\u00e4gen blir en s\u00e5dan d\u00e4r underbar Ikeastory som bygger varum\u00e4rket. Det \u00e4r ju s\u00e5 starkt att Ikea till och med utsetts till Sveriges mest trov\u00e4rdiga organisation, Sveriges mest eftertraktade arbetsplats och liknande. Och f\u00f6rtroendet f\u00f6r Kamprad, som nyligen gr\u00e4t&#8230;<\/p>\n","protected":false},"author":2,"featured_media":0,"comment_status":"open","ping_status":"closed","sticky":false,"template":"","format":"standard","meta":[],"categories":[4],"tags":[],"_links":{"self":[{"href":"https:\/\/storytellers.se\/index.php?rest_route=\/wp\/v2\/posts\/2030"}],"collection":[{"href":"https:\/\/storytellers.se\/index.php?rest_route=\/wp\/v2\/posts"}],"about":[{"href":"https:\/\/storytellers.se\/index.php?rest_route=\/wp\/v2\/types\/post"}],"author":[{"embeddable":true,"href":"https:\/\/storytellers.se\/index.php?rest_route=\/wp\/v2\/users\/2"}],"replies":[{"embeddable":true,"href":"https:\/\/storytellers.se\/index.php?rest_route=%2Fwp%2Fv2%2Fcomments&post=2030"}],"version-history":[{"count":0,"href":"https:\/\/storytellers.se\/index.php?rest_route=\/wp\/v2\/posts\/2030\/revisions"}],"wp:attachment":[{"href":"https:\/\/storytellers.se\/index.php?rest_route=%2Fwp%2Fv2%2Fmedia&parent=2030"}],"wp:term":[{"taxonomy":"category","embeddable":true,"href":"https:\/\/storytellers.se\/index.php?rest_route=%2Fwp%2Fv2%2Fcategories&post=2030"},{"taxonomy":"post_tag","embeddable":true,"href":"https:\/\/storytellers.se\/index.php?rest_route=%2Fwp%2Fv2%2Ftags&post=2030"}],"curies":[{"name":"wp","href":"https:\/\/api.w.org\/{rel}","templated":true}]}}