{"id":2028,"date":"2008-11-11T18:39:18","date_gmt":"2008-11-11T17:39:18","guid":{"rendered":"http:\/\/heijbel.wordpress.com\/2008\/11\/11\/juristen-som-alskade-musik"},"modified":"2008-11-11T18:39:18","modified_gmt":"2008-11-11T17:39:18","slug":"juristen-som-alskade-musik","status":"publish","type":"post","link":"https:\/\/storytellers.se\/?p=2028","title":{"rendered":"Juristen som \u00e4lskade musik"},"content":{"rendered":"<p>Han var jurist men inte riktigt till freds med sin situation. Han tyckte det var lite torrt och regelstyrt och inte riktigt s\u00e5 emotionellt som han \u00f6nskade att livet p\u00e5 jobbet skulle vara. Han kontaktade d\u00e5 sin organisation&#8230;.<\/p>\n<p><!--more--><br \/>\nsom var akademikerorganisationen Jusek.<br \/>\nD\u00e4r talade han med en karri\u00e4rcoach som f\u00f6rs\u00f6kte st\u00f6tta honom i hans l\u00e4ngtan. Hon f\u00f6rstod att han beh\u00f6vde f\u00f6r\u00e4ndring med undrade om han verkligen helt skulle sl\u00e4ppa sin juristkarri\u00e4r efter s\u00e5 m\u00e5nga \u00e5rs studier och s\u00e5 l\u00e5ng erfarenhet. Kunde han inte hitta n\u00e5got som var b\u00e5de musik och juridik?<br \/>\nHan lyssnade p\u00e5 henne och t\u00e4nkte att det borde g\u00e5 att kombinera de olika intressena.<br \/>\nEn tid senare ringde han sin karri\u00e4rcoach. Hon h\u00f6rde direkt att hans r\u00f6st var gladare och \u00f6ppnare. N\u00e5got hade h\u00e4nt. Jod\u00e5 han hade f\u00e5tt ett nytt jobb:<br \/>\n\u2013 Vad\u00e5, fr\u00e5gade coachen.<br \/>\n\u2013 Jag har f\u00e5tt jobb som jurist p\u00e5 musikf\u00f6rlag, sa den n\u00f6jde Jusekmedlemmen.<\/p>\n","protected":false},"excerpt":{"rendered":"<p>Han var jurist men inte riktigt till freds med sin situation. Han tyckte det var lite torrt och regelstyrt och inte riktigt s\u00e5 emotionellt som han \u00f6nskade att livet p\u00e5 jobbet skulle vara. Han kontaktade d\u00e5 sin organisation&#8230;.<\/p>\n","protected":false},"author":2,"featured_media":0,"comment_status":"open","ping_status":"closed","sticky":false,"template":"","format":"standard","meta":[],"categories":[2],"tags":[],"_links":{"self":[{"href":"https:\/\/storytellers.se\/index.php?rest_route=\/wp\/v2\/posts\/2028"}],"collection":[{"href":"https:\/\/storytellers.se\/index.php?rest_route=\/wp\/v2\/posts"}],"about":[{"href":"https:\/\/storytellers.se\/index.php?rest_route=\/wp\/v2\/types\/post"}],"author":[{"embeddable":true,"href":"https:\/\/storytellers.se\/index.php?rest_route=\/wp\/v2\/users\/2"}],"replies":[{"embeddable":true,"href":"https:\/\/storytellers.se\/index.php?rest_route=%2Fwp%2Fv2%2Fcomments&post=2028"}],"version-history":[{"count":0,"href":"https:\/\/storytellers.se\/index.php?rest_route=\/wp\/v2\/posts\/2028\/revisions"}],"wp:attachment":[{"href":"https:\/\/storytellers.se\/index.php?rest_route=%2Fwp%2Fv2%2Fmedia&parent=2028"}],"wp:term":[{"taxonomy":"category","embeddable":true,"href":"https:\/\/storytellers.se\/index.php?rest_route=%2Fwp%2Fv2%2Fcategories&post=2028"},{"taxonomy":"post_tag","embeddable":true,"href":"https:\/\/storytellers.se\/index.php?rest_route=%2Fwp%2Fv2%2Ftags&post=2028"}],"curies":[{"name":"wp","href":"https:\/\/api.w.org\/{rel}","templated":true}]}}