{"id":2022,"date":"2008-11-06T12:36:07","date_gmt":"2008-11-06T11:36:07","guid":{"rendered":"http:\/\/heijbel.wordpress.com\/2008\/11\/06\/mera-om-obama-som-retoriker"},"modified":"2008-11-06T12:36:07","modified_gmt":"2008-11-06T11:36:07","slug":"mera-om-obama-som-retoriker","status":"publish","type":"post","link":"https:\/\/storytellers.se\/?p=2022","title":{"rendered":"Mera om Obama som retoriker"},"content":{"rendered":"<p>Jag har flera g\u00e5nger ber\u00f6rt Obama som politisk retoriker och storyteller. Nu ber\u00e4ttar <strong>Anders Sigrell<\/strong>, retorikprofessor i Lund, i SvD om just <a href=\"http:\/\/www.svd.se\/kulturnoje\/nyheter\/artikel_1998113.svd\"><strong><em> Obama Retorikern<\/em><\/strong><\/a>. T\u00e4nk vad svenska talare i politik och arbetsliv ligger efter. Ett av de viktigaste greppen \u00e4r att i storytellerform befolka budskapet. S\u00e5 h\u00e4r st\u00e5r det i svenskan om den 106-\u00e5riga kvinnan: <em>Ber\u00e4ttelsen om kvinnan \u00e4r en konkretion, evidentia som det heter p\u00e5 retorikspr\u00e5k. Eller ett case, som journalister s\u00e4ger, en person som levandeg\u00f6r ett abstrakt skeende<\/em>.<\/p>\n","protected":false},"excerpt":{"rendered":"<p>Jag har flera g\u00e5nger ber\u00f6rt Obama som politisk retoriker och storyteller. Nu ber\u00e4ttar Anders Sigrell, retorikprofessor i Lund, i SvD om just Obama Retorikern. T\u00e4nk vad svenska talare i politik och arbetsliv ligger efter. Ett av de viktigaste greppen \u00e4r att i storytellerform befolka budskapet. S\u00e5 h\u00e4r st\u00e5r det i svenskan om den 106-\u00e5riga kvinnan:&#8230;<\/p>\n","protected":false},"author":2,"featured_media":0,"comment_status":"open","ping_status":"closed","sticky":false,"template":"","format":"standard","meta":[],"categories":[2],"tags":[],"_links":{"self":[{"href":"https:\/\/storytellers.se\/index.php?rest_route=\/wp\/v2\/posts\/2022"}],"collection":[{"href":"https:\/\/storytellers.se\/index.php?rest_route=\/wp\/v2\/posts"}],"about":[{"href":"https:\/\/storytellers.se\/index.php?rest_route=\/wp\/v2\/types\/post"}],"author":[{"embeddable":true,"href":"https:\/\/storytellers.se\/index.php?rest_route=\/wp\/v2\/users\/2"}],"replies":[{"embeddable":true,"href":"https:\/\/storytellers.se\/index.php?rest_route=%2Fwp%2Fv2%2Fcomments&post=2022"}],"version-history":[{"count":0,"href":"https:\/\/storytellers.se\/index.php?rest_route=\/wp\/v2\/posts\/2022\/revisions"}],"wp:attachment":[{"href":"https:\/\/storytellers.se\/index.php?rest_route=%2Fwp%2Fv2%2Fmedia&parent=2022"}],"wp:term":[{"taxonomy":"category","embeddable":true,"href":"https:\/\/storytellers.se\/index.php?rest_route=%2Fwp%2Fv2%2Fcategories&post=2022"},{"taxonomy":"post_tag","embeddable":true,"href":"https:\/\/storytellers.se\/index.php?rest_route=%2Fwp%2Fv2%2Ftags&post=2022"}],"curies":[{"name":"wp","href":"https:\/\/api.w.org\/{rel}","templated":true}]}}