{"id":2016,"date":"2008-11-04T12:10:33","date_gmt":"2008-11-04T11:10:33","guid":{"rendered":"http:\/\/heijbel.wordpress.com\/2008\/11\/04\/samarbete-med-jusek"},"modified":"2008-11-04T12:10:33","modified_gmt":"2008-11-04T11:10:33","slug":"samarbete-med-jusek","status":"publish","type":"post","link":"https:\/\/storytellers.se\/?p=2016","title":{"rendered":"Samarbete med Jusek"},"content":{"rendered":"<p>Jag har nu inlett ett samarbete med <strong>Jusek<\/strong> f\u00f6r att s\u00f6ka upp och sk\u00f6rda deras viktigaste ber\u00e4ttelser. Det \u00e4r en del av arbetet med Juseks v\u00e4rdegrund. Jusek organiserar jurister, ekonomer och samh\u00e4lls- och personalvetare. Organisationen har sina \u00e4ldsta rottr\u00e5dar bak i 1930-talet.<\/p>\n","protected":false},"excerpt":{"rendered":"<p>Jag har nu inlett ett samarbete med Jusek f\u00f6r att s\u00f6ka upp och sk\u00f6rda deras viktigaste ber\u00e4ttelser. Det \u00e4r en del av arbetet med Juseks v\u00e4rdegrund. Jusek organiserar jurister, ekonomer och samh\u00e4lls- och personalvetare. Organisationen har sina \u00e4ldsta rottr\u00e5dar bak i 1930-talet.<\/p>\n","protected":false},"author":2,"featured_media":0,"comment_status":"open","ping_status":"closed","sticky":false,"template":"","format":"standard","meta":[],"categories":[9],"tags":[],"_links":{"self":[{"href":"https:\/\/storytellers.se\/index.php?rest_route=\/wp\/v2\/posts\/2016"}],"collection":[{"href":"https:\/\/storytellers.se\/index.php?rest_route=\/wp\/v2\/posts"}],"about":[{"href":"https:\/\/storytellers.se\/index.php?rest_route=\/wp\/v2\/types\/post"}],"author":[{"embeddable":true,"href":"https:\/\/storytellers.se\/index.php?rest_route=\/wp\/v2\/users\/2"}],"replies":[{"embeddable":true,"href":"https:\/\/storytellers.se\/index.php?rest_route=%2Fwp%2Fv2%2Fcomments&post=2016"}],"version-history":[{"count":0,"href":"https:\/\/storytellers.se\/index.php?rest_route=\/wp\/v2\/posts\/2016\/revisions"}],"wp:attachment":[{"href":"https:\/\/storytellers.se\/index.php?rest_route=%2Fwp%2Fv2%2Fmedia&parent=2016"}],"wp:term":[{"taxonomy":"category","embeddable":true,"href":"https:\/\/storytellers.se\/index.php?rest_route=%2Fwp%2Fv2%2Fcategories&post=2016"},{"taxonomy":"post_tag","embeddable":true,"href":"https:\/\/storytellers.se\/index.php?rest_route=%2Fwp%2Fv2%2Ftags&post=2016"}],"curies":[{"name":"wp","href":"https:\/\/api.w.org\/{rel}","templated":true}]}}