{"id":2006,"date":"2008-10-28T10:14:44","date_gmt":"2008-10-28T09:14:44","guid":{"rendered":"http:\/\/heijbel.wordpress.com\/2008\/10\/28\/sa-har-skrev-de-i-emmaboda"},"modified":"2008-10-28T10:14:44","modified_gmt":"2008-10-28T09:14:44","slug":"sa-har-skrev-de-i-emmaboda","status":"publish","type":"post","link":"https:\/\/storytellers.se\/?p=2006","title":{"rendered":"S\u00e5 h\u00e4r skrev de i Emmaboda"},"content":{"rendered":"<p>Jag var i <strong>Emmaboda<\/strong> i f\u00f6rra veckan tillsammans med m\u00e5nga andra f\u00f6rel\u00e4sare p\u00e5 Landsbygdskonferensen. S\u00e5 h\u00e4r beskriver de min f\u00f6rel\u00e4sning om storytelling:<\/p>\n<p><!--more--><br \/>\n<em><strong>Matts Heijbel<\/strong> trollband \u00e5h\u00f6rarna direkt genom att ber\u00e4tta en sann historia om ett par som skiljdes \u00e5t under andra v\u00e4rldskriget, \u00e5terf\u00f6renades p\u00e5 bron mellan Tornio och Haparanda och senare fick flera barn tillsammans.<br \/>\n\u2013 Ett av dem var jag. Detta \u00e4r den viktigaste historien i mitt liv &#8211; alla har vi v\u00e5ra skapelseber\u00e4ttelser. Vi ing\u00e5r i m\u00e5nga organisationer, som alla b\u00e4rs fram med hj\u00e4lp av sina ber\u00e4ttelser.<br \/>\n&#8211; Ber\u00e4ttelser g\u00f6r organisationen stark genom att tala om var den kommer ifr\u00e5n och vart den \u00e4r p\u00e5 v\u00e4g. Det \u00e4r ber\u00e4ttelserna vi minns och kanske n\u00e5gon ber\u00e4ttar dem vidare, vilket ger b\u00e4sta reklamen.<br \/>\nMatts Heijbel tydliggjorde genom att ber\u00e4tta om hur ett f\u00f6retag bildades p\u00e5 Stockholms station n\u00e4r de f\u00f6rsta turisterna b\u00f6rjade komma. En barberare startade v\u00e4xlingsservice vid sidan om barberarstolen. Personen som anst\u00e4lldes fick s\u00e5 sm\u00e5ningom ta \u00f6ver salongen och bildade ett inte helt ok\u00e4nt f\u00f6retag.<br \/>\n\u2013 Detta var Forex skaparber\u00e4ttelse. Vill du ge ett best\u00e5ende minne av en organisation m\u00e5ste du ladda den med ber\u00e4ttelser som m\u00e4nniskor blir ber\u00f6rda av. Inte med siffror och fakta!<br \/>\nVidare menade Matts att alla kan v\u00e4lja vilka ber\u00e4ttelser man vill att byn, f\u00f6reningen osv. ska associeras med. Ikea har en fantastisk ber\u00e4ttarkultur och v\u00e4ljer ber\u00e4ttelser som visar p\u00e5 deras flexibilitet, eget ansvar och internationalism.<br \/>\nMatts f\u00f6rde en av dem vidare genom att ber\u00e4tta om den somaliska kvinnan som stod vid bollhavet. N\u00e4r ingen f\u00f6rstod vad hon ville ringde n\u00e5gon Mohammed i k\u00f6ket som l\u00e4mnade k\u00f6ttbullarna till en kollega f\u00f6r att hj\u00e4lpa damen. Han f\u00f6rstod att det var en barns\u00e4ng hon ville ha och hj\u00e4lpte henne hela v\u00e4gen till kassan.<br \/>\n\u2013 Alla kan ber\u00e4tta! Varje verksamhet har till\u00e5ng till det emotionella kapitalet. L\u00e5t ber\u00e4ttelserna arbeta och spridas!<\/em><br \/>\nH\u00e4r \u00e4r dokumentationen fr\u00e5n <a href=\"http:\/\/www.emmaboda.se\/upload\/F\u00f6r%20n\u00e4ringslivet\/Landsbygdskonferens\/Dokumentation%20Landsbygdskonferens%202008.pdf\"><strong><em>hela Landbygdskonferensen<\/em><\/strong><\/a>.<\/p>\n","protected":false},"excerpt":{"rendered":"<p>Jag var i Emmaboda i f\u00f6rra veckan tillsammans med m\u00e5nga andra f\u00f6rel\u00e4sare p\u00e5 Landsbygdskonferensen. S\u00e5 h\u00e4r beskriver de min f\u00f6rel\u00e4sning om storytelling:<\/p>\n","protected":false},"author":2,"featured_media":0,"comment_status":"open","ping_status":"closed","sticky":false,"template":"","format":"standard","meta":[],"categories":[3],"tags":[],"_links":{"self":[{"href":"https:\/\/storytellers.se\/index.php?rest_route=\/wp\/v2\/posts\/2006"}],"collection":[{"href":"https:\/\/storytellers.se\/index.php?rest_route=\/wp\/v2\/posts"}],"about":[{"href":"https:\/\/storytellers.se\/index.php?rest_route=\/wp\/v2\/types\/post"}],"author":[{"embeddable":true,"href":"https:\/\/storytellers.se\/index.php?rest_route=\/wp\/v2\/users\/2"}],"replies":[{"embeddable":true,"href":"https:\/\/storytellers.se\/index.php?rest_route=%2Fwp%2Fv2%2Fcomments&post=2006"}],"version-history":[{"count":0,"href":"https:\/\/storytellers.se\/index.php?rest_route=\/wp\/v2\/posts\/2006\/revisions"}],"wp:attachment":[{"href":"https:\/\/storytellers.se\/index.php?rest_route=%2Fwp%2Fv2%2Fmedia&parent=2006"}],"wp:term":[{"taxonomy":"category","embeddable":true,"href":"https:\/\/storytellers.se\/index.php?rest_route=%2Fwp%2Fv2%2Fcategories&post=2006"},{"taxonomy":"post_tag","embeddable":true,"href":"https:\/\/storytellers.se\/index.php?rest_route=%2Fwp%2Fv2%2Ftags&post=2006"}],"curies":[{"name":"wp","href":"https:\/\/api.w.org\/{rel}","templated":true}]}}