{"id":2002,"date":"2008-10-23T15:47:15","date_gmt":"2008-10-23T14:47:15","guid":{"rendered":"http:\/\/heijbel.wordpress.com\/2008\/10\/23\/berattelser-fods-varje-dag"},"modified":"2008-10-23T15:47:15","modified_gmt":"2008-10-23T14:47:15","slug":"berattelser-fods-varje-dag","status":"publish","type":"post","link":"https:\/\/storytellers.se\/?p=2002","title":{"rendered":"Ber\u00e4ttelser f\u00f6ds varje dag"},"content":{"rendered":"<p>Jag kommer ibland i kontakt med platsers ber\u00e4ttelser. Det kan vara en kommun, en by, en fabrik eller vilken plats som helst d\u00e4r m\u00e4nniskor utf\u00f6r n\u00e5got. Det kan till och med vara Sveriges ber\u00e4ttelse som jag arbetat en del med. D\u00e5 \u00e4r det ett speciellt perspektiv som alltid kommer upp. Det \u00e4r fr\u00e5gan:<\/p>\n<p><!--more--><br \/>\nTalar vi vi historia eller historier? Det svenska ordet historia med sina olika betydelser st\u00e4ller till det.<br \/>\nSka vi ber\u00e4tta om det som var eller det som \u00e4r &#8211; eller till och med det som blir? Om visionen om framtiden?<br \/>\nSom Corporate Storyteller \u00e4r jag r\u00e4tt l\u00e5ngt fr\u00e5n bygdehistoria och industriminnen. Inte s\u00e5 att det inte intresserar mig utan problemet \u00e4r att det \u00e4r musealt och att det fryser en ber\u00e4ttelse fr\u00e5n det f\u00f6rflutna. Det riskerar ibland att motverka utveckling. Man b\u00f6r d\u00e4rf\u00f6r reflektera \u00f6ver tidsaxeln D\u00e5, Nu och Sen. Den axeln kan storytellingteknik ladda och fylla med inneh\u00e5ll.<br \/>\nMan s\u00e4ger ofta att vi m\u00e5ste ber\u00e4tta f\u00f6r v\u00e5ra barn och unga s\u00e5 att de f\u00f6rst\u00e5r hur det var. Visst ligger det n\u00e5got i det. Men vi m\u00e5ste ocks\u00e5 lyssna p\u00e5 v\u00e5ra barn och unga s\u00e5 vi f\u00f6rst\u00e5r hur det \u00e4r. De \u00e4r dagens traditionsb\u00e4rare och ett exempel p\u00e5 att livet g\u00e5r vidare.<br \/>\nBarnens ber\u00e4ttelser i dag \u00e4r det f\u00f6rflutnas ber\u00e4ttelser i morgon.<br \/>\nTa till exempel ett industriminne, eller en traditionell by. Man kan d\u00e4r mycket v\u00e4l varva de gamla ber\u00e4ttelserna om hur det var med ber\u00e4ttelser om hur vi g\u00f6r i dag och vad som h\u00e4nde h\u00e4r i f\u00f6rra veckan. D\u00e5 finns tidsaxeln kvar och \u00e4ven barn och unga vill lyssna och f\u00f6rst\u00e5.<br \/>\nN\u00e4r jag arbetar med kommuner f\u00f6rs\u00f6ker jag hela tiden l\u00e4gga betoningen mer p\u00e5 nu och sen \u00e4n p\u00e5 hur det var f\u00f6rr. Jag tycker f\u00f6rst\u00e5s att man kan h\u00e4mta &#8211; och ska h\u00e4mta &#8211; ber\u00e4ttelser fr\u00e5n det f\u00f6rflutna. Men de man v\u00e4ljer tycker jag ocks\u00e5 kan bed\u00f6mas efter vilket v\u00e4rde de har nu och i framtiden. Hur det st\u00e4mmer med v\u00e5ra strategier och visioner i dag.<br \/>\nF\u00f6r en kommun med blicken fram\u00e5t blir det r\u00e4tt uppenbart. F\u00f6r delar av landsbygdsr\u00f6relsen tror jag det skulle ge extra energi och visioner om man ocks\u00e5 talar om framtiden \u00e4ven om man h\u00e4mtar kraft i det f\u00f6rflutna.<br \/>\nTill exempel den exempell\u00f6sa entrepren\u00f6rsinvandringen fr\u00e5n Holland till V\u00e4rmland och Dalarna som n\u00e4stan kan parallellber\u00e4ttas med historierna  svedjefinnarna p\u00e5 1600-talet.<br \/>\n100-tals holl\u00e4ndska entrepren\u00f6rsfamiljer vandrar in i skogarna under 2000-talets f\u00f6rsta \u00e5rtionde.<br \/>\nN\u00e4r man arbetar med platsrelaterad storytelling s\u00e5 \u00e4r d\u00e4rf\u00f6r f\u00f6rsta reflektionen: Vad ska vi s\u00f6ka f\u00f6r ber\u00e4ttelser och varf\u00f6r? Hur ska vi anv\u00e4nda dem? Vad ska vi s\u00e4ga om dem som arbetar med kulturarvet och h\u00e5ller liv i sin bygd.<br \/>\nTill exempel n\u00e4r stormarna drog \u00f6ver Sm\u00e5land. Gudrun och Per allts\u00e5. D\u00e5 uppkom m\u00e5nga moderna ber\u00e4ttelser som till och med ber\u00e4ttas i ber\u00e4ttarr\u00f6relsen. De \u00e4r moderna bygdeber\u00e4ttelser med hj\u00e4ltar h\u00e4mtade fr\u00e5n r\u00e4ddningstj\u00e4nsten, hemtj\u00e4nsten och kanske SJ.<br \/>\nSk\u00f6rda dem och s\u00e4tt dem i arbete f\u00f6r en starkare identitet och framtid.<br \/>\nStorytelling kan f\u00f6rst\u00e5s anv\u00e4ndas strategiskt i place branding. Men det finns sk\u00e4l att reflektera \u00f6ver vad vi vill \u00e5stadkomma och hur ber\u00e4ttarkapitalet skall anv\u00e4ndas.<\/p>\n","protected":false},"excerpt":{"rendered":"<p>Jag kommer ibland i kontakt med platsers ber\u00e4ttelser. Det kan vara en kommun, en by, en fabrik eller vilken plats som helst d\u00e4r m\u00e4nniskor utf\u00f6r n\u00e5got. Det kan till och med vara Sveriges ber\u00e4ttelse som jag arbetat en del med. D\u00e5 \u00e4r det ett speciellt perspektiv som alltid kommer upp. Det \u00e4r fr\u00e5gan:<\/p>\n","protected":false},"author":2,"featured_media":0,"comment_status":"open","ping_status":"closed","sticky":false,"template":"","format":"standard","meta":[],"categories":[2],"tags":[],"_links":{"self":[{"href":"https:\/\/storytellers.se\/index.php?rest_route=\/wp\/v2\/posts\/2002"}],"collection":[{"href":"https:\/\/storytellers.se\/index.php?rest_route=\/wp\/v2\/posts"}],"about":[{"href":"https:\/\/storytellers.se\/index.php?rest_route=\/wp\/v2\/types\/post"}],"author":[{"embeddable":true,"href":"https:\/\/storytellers.se\/index.php?rest_route=\/wp\/v2\/users\/2"}],"replies":[{"embeddable":true,"href":"https:\/\/storytellers.se\/index.php?rest_route=%2Fwp%2Fv2%2Fcomments&post=2002"}],"version-history":[{"count":0,"href":"https:\/\/storytellers.se\/index.php?rest_route=\/wp\/v2\/posts\/2002\/revisions"}],"wp:attachment":[{"href":"https:\/\/storytellers.se\/index.php?rest_route=%2Fwp%2Fv2%2Fmedia&parent=2002"}],"wp:term":[{"taxonomy":"category","embeddable":true,"href":"https:\/\/storytellers.se\/index.php?rest_route=%2Fwp%2Fv2%2Fcategories&post=2002"},{"taxonomy":"post_tag","embeddable":true,"href":"https:\/\/storytellers.se\/index.php?rest_route=%2Fwp%2Fv2%2Ftags&post=2002"}],"curies":[{"name":"wp","href":"https:\/\/api.w.org\/{rel}","templated":true}]}}