{"id":2000,"date":"2008-10-22T19:53:13","date_gmt":"2008-10-22T18:53:13","guid":{"rendered":"http:\/\/heijbel.wordpress.com\/2008\/10\/22\/pa-landsbygdskonferensen-2008"},"modified":"2008-10-22T19:53:13","modified_gmt":"2008-10-22T18:53:13","slug":"pa-landsbygdskonferensen-2008","status":"publish","type":"post","link":"https:\/\/storytellers.se\/?p=2000","title":{"rendered":"P\u00e5 Landsbygdskonferensen 2008"},"content":{"rendered":"<p>I dag har jag medverkat p\u00e5 <strong>Landsbygdskonferensen i Emmaboda<\/strong>. Drygt 100 m\u00e4nniskor fr\u00e5n hela landet hade slutit upp f\u00f6r att under tv\u00e5 dagar h\u00f6ra om och tala om <em>Byautveckling och h\u00e5llbara bygder<\/em>. Jag talade f\u00f6rst\u00e5s om <em>Storytelling i f\u00f6retag &amp; organisationer<\/em> och om att <em>ladda platser med emotionellt ber\u00e4ttarkapital<\/em>. Byafolk och landsbygdseldsj\u00e4lar beh\u00f6ver ibland  p\u00e5minnas om att ber\u00e4ttelser f\u00f6ds varje dag. Historien har inte avstannat. Ber\u00e4ttelserna finns inte bara i backspegeln. Dagens ber\u00e4ttelser bygger morgondagen. Vi fick bl a ocks\u00e5 h\u00f6ra den fantastiska ber\u00e4ttelsen om gr\u00e4ns\u00f6verskridande samverkan i <strong>HaparandaTornio<\/strong> ber\u00e4ttad av kommunalr\u00e5det <strong>Sven-Erik Bucht.<\/strong> Han kom ju s\u00e5 bra \u00f6verens med <strong>Ingvar Kamprad<\/strong> s\u00e5 att etableringen av det som idag \u00e4r Sveriges tredje st\u00f6rsta Ikeavaruhus blev av i just HaprandaTornio. Nu \u00e4r HapandaTornio i toppen av den svenska tillv\u00e4xtligan.<\/p>\n","protected":false},"excerpt":{"rendered":"<p>I dag har jag medverkat p\u00e5 Landsbygdskonferensen i Emmaboda. Drygt 100 m\u00e4nniskor fr\u00e5n hela landet hade slutit upp f\u00f6r att under tv\u00e5 dagar h\u00f6ra om och tala om Byautveckling och h\u00e5llbara bygder. Jag talade f\u00f6rst\u00e5s om Storytelling i f\u00f6retag &amp; organisationer och om att ladda platser med emotionellt ber\u00e4ttarkapital. Byafolk och landsbygdseldsj\u00e4lar beh\u00f6ver ibland p\u00e5minnas&#8230;<\/p>\n","protected":false},"author":2,"featured_media":0,"comment_status":"open","ping_status":"closed","sticky":false,"template":"","format":"standard","meta":[],"categories":[2],"tags":[],"_links":{"self":[{"href":"https:\/\/storytellers.se\/index.php?rest_route=\/wp\/v2\/posts\/2000"}],"collection":[{"href":"https:\/\/storytellers.se\/index.php?rest_route=\/wp\/v2\/posts"}],"about":[{"href":"https:\/\/storytellers.se\/index.php?rest_route=\/wp\/v2\/types\/post"}],"author":[{"embeddable":true,"href":"https:\/\/storytellers.se\/index.php?rest_route=\/wp\/v2\/users\/2"}],"replies":[{"embeddable":true,"href":"https:\/\/storytellers.se\/index.php?rest_route=%2Fwp%2Fv2%2Fcomments&post=2000"}],"version-history":[{"count":0,"href":"https:\/\/storytellers.se\/index.php?rest_route=\/wp\/v2\/posts\/2000\/revisions"}],"wp:attachment":[{"href":"https:\/\/storytellers.se\/index.php?rest_route=%2Fwp%2Fv2%2Fmedia&parent=2000"}],"wp:term":[{"taxonomy":"category","embeddable":true,"href":"https:\/\/storytellers.se\/index.php?rest_route=%2Fwp%2Fv2%2Fcategories&post=2000"},{"taxonomy":"post_tag","embeddable":true,"href":"https:\/\/storytellers.se\/index.php?rest_route=%2Fwp%2Fv2%2Ftags&post=2000"}],"curies":[{"name":"wp","href":"https:\/\/api.w.org\/{rel}","templated":true}]}}