{"id":1996,"date":"2008-10-21T11:01:42","date_gmt":"2008-10-21T10:01:42","guid":{"rendered":"http:\/\/heijbel.wordpress.com\/2008\/10\/21\/intervjuad-i-tidningen-personalchefen"},"modified":"2008-10-21T11:01:42","modified_gmt":"2008-10-21T10:01:42","slug":"intervjuad-i-tidningen-personalchefen","status":"publish","type":"post","link":"https:\/\/storytellers.se\/?p=1996","title":{"rendered":"Intervjuad i Tidningen Personalchefen"},"content":{"rendered":"<p>Jag intervjuas i en fem \u00e5r gammal artikel i tidningen Personalchefen. Jag hittade den just n\u00e4r jag googlade runt. Under rubriken <a href=\"http:\/\/www.storytellers.se\/txt\/artiklar\/\"><strong><em>Artiklar<\/em><\/strong><\/a> som du hittar en bit ned om du scrollar till h\u00f6ger publiceras l\u00f6pande bland annat m\u00e5nga av de artiklar, intervjuer och inslag som jag medverkat i aprop\u00e5 storytelling under 2000-talet. <a href=\"http:\/\/www.gwmedia.se\/artiklar\/storytelling.htm\"><strong><em>H\u00e4r<\/em><\/strong><\/a> \u00e4r texten fr\u00e5n <strong>Personalchefen 2\/2003<\/strong> som jag just hittade. Den funkar hyfsat fortfarande och ing\u00e5r d\u00e4rf\u00f6r ocks\u00e5 i artikelarkivet fr\u00e5n och med nu. Du kan ocks\u00e5 klicka p\u00e5 det kursiverade ordet artiklar h\u00e4r ovanf\u00f6r om du vill komma direkt till artikelarkivet.<\/p>\n","protected":false},"excerpt":{"rendered":"<p>Jag intervjuas i en fem \u00e5r gammal artikel i tidningen Personalchefen. Jag hittade den just n\u00e4r jag googlade runt. Under rubriken Artiklar som du hittar en bit ned om du scrollar till h\u00f6ger publiceras l\u00f6pande bland annat m\u00e5nga av de artiklar, intervjuer och inslag som jag medverkat i aprop\u00e5 storytelling under 2000-talet. H\u00e4r \u00e4r texten&#8230;<\/p>\n","protected":false},"author":2,"featured_media":0,"comment_status":"open","ping_status":"closed","sticky":false,"template":"","format":"standard","meta":[],"categories":[3],"tags":[],"_links":{"self":[{"href":"https:\/\/storytellers.se\/index.php?rest_route=\/wp\/v2\/posts\/1996"}],"collection":[{"href":"https:\/\/storytellers.se\/index.php?rest_route=\/wp\/v2\/posts"}],"about":[{"href":"https:\/\/storytellers.se\/index.php?rest_route=\/wp\/v2\/types\/post"}],"author":[{"embeddable":true,"href":"https:\/\/storytellers.se\/index.php?rest_route=\/wp\/v2\/users\/2"}],"replies":[{"embeddable":true,"href":"https:\/\/storytellers.se\/index.php?rest_route=%2Fwp%2Fv2%2Fcomments&post=1996"}],"version-history":[{"count":0,"href":"https:\/\/storytellers.se\/index.php?rest_route=\/wp\/v2\/posts\/1996\/revisions"}],"wp:attachment":[{"href":"https:\/\/storytellers.se\/index.php?rest_route=%2Fwp%2Fv2%2Fmedia&parent=1996"}],"wp:term":[{"taxonomy":"category","embeddable":true,"href":"https:\/\/storytellers.se\/index.php?rest_route=%2Fwp%2Fv2%2Fcategories&post=1996"},{"taxonomy":"post_tag","embeddable":true,"href":"https:\/\/storytellers.se\/index.php?rest_route=%2Fwp%2Fv2%2Ftags&post=1996"}],"curies":[{"name":"wp","href":"https:\/\/api.w.org\/{rel}","templated":true}]}}