{"id":1990,"date":"2008-10-15T19:07:49","date_gmt":"2008-10-15T18:07:49","guid":{"rendered":"http:\/\/heijbel.wordpress.com\/2008\/10\/15\/traffade-folksam-brett"},"modified":"2008-10-15T19:07:49","modified_gmt":"2008-10-15T18:07:49","slug":"traffade-folksam-brett","status":"publish","type":"post","link":"https:\/\/storytellers.se\/?p=1990","title":{"rendered":"Tr\u00e4ffade Folksam brett"},"content":{"rendered":"<p>I dag var jag i Folksamskrapan vid Skanstull p\u00e5 S\u00f6der i Stockholm. Jag tr\u00e4ffade cirka 25 nyckelpersoner och inspirationsf\u00f6rel\u00e4ste f\u00f6r dem om <em>Storytelling i och om organisationer<\/em>. Sedan diskuterade vi tillsammans, om bland annat, olika s\u00e4tt att anv\u00e4nda storytelling. Folksam har f\u00f6rst\u00e5s en fantastisk historia d\u00e4r de retroaktivt kan h\u00e4mta ber\u00e4ttelser som kan g\u00f6ra organisationen stark och framg\u00e5ngsrik i dag och visa delar av en t\u00e4nkbar framtid.<\/p>\n","protected":false},"excerpt":{"rendered":"<p>I dag var jag i Folksamskrapan vid Skanstull p\u00e5 S\u00f6der i Stockholm. Jag tr\u00e4ffade cirka 25 nyckelpersoner och inspirationsf\u00f6rel\u00e4ste f\u00f6r dem om Storytelling i och om organisationer. Sedan diskuterade vi tillsammans, om bland annat, olika s\u00e4tt att anv\u00e4nda storytelling. Folksam har f\u00f6rst\u00e5s en fantastisk historia d\u00e4r de retroaktivt kan h\u00e4mta ber\u00e4ttelser som kan g\u00f6ra organisationen&#8230;<\/p>\n","protected":false},"author":2,"featured_media":0,"comment_status":"open","ping_status":"closed","sticky":false,"template":"","format":"standard","meta":[],"categories":[2],"tags":[],"_links":{"self":[{"href":"https:\/\/storytellers.se\/index.php?rest_route=\/wp\/v2\/posts\/1990"}],"collection":[{"href":"https:\/\/storytellers.se\/index.php?rest_route=\/wp\/v2\/posts"}],"about":[{"href":"https:\/\/storytellers.se\/index.php?rest_route=\/wp\/v2\/types\/post"}],"author":[{"embeddable":true,"href":"https:\/\/storytellers.se\/index.php?rest_route=\/wp\/v2\/users\/2"}],"replies":[{"embeddable":true,"href":"https:\/\/storytellers.se\/index.php?rest_route=%2Fwp%2Fv2%2Fcomments&post=1990"}],"version-history":[{"count":0,"href":"https:\/\/storytellers.se\/index.php?rest_route=\/wp\/v2\/posts\/1990\/revisions"}],"wp:attachment":[{"href":"https:\/\/storytellers.se\/index.php?rest_route=%2Fwp%2Fv2%2Fmedia&parent=1990"}],"wp:term":[{"taxonomy":"category","embeddable":true,"href":"https:\/\/storytellers.se\/index.php?rest_route=%2Fwp%2Fv2%2Fcategories&post=1990"},{"taxonomy":"post_tag","embeddable":true,"href":"https:\/\/storytellers.se\/index.php?rest_route=%2Fwp%2Fv2%2Ftags&post=1990"}],"curies":[{"name":"wp","href":"https:\/\/api.w.org\/{rel}","templated":true}]}}