{"id":1986,"date":"2008-10-10T10:10:25","date_gmt":"2008-10-10T09:10:25","guid":{"rendered":"http:\/\/heijbel.wordpress.com\/2008\/10\/10\/till-och-med-prasten-kom"},"modified":"2008-10-10T10:10:25","modified_gmt":"2008-10-10T09:10:25","slug":"till-och-med-prasten-kom","status":"publish","type":"post","link":"https:\/\/storytellers.se\/?p=1986","title":{"rendered":"Till och med pr\u00e4sten kom"},"content":{"rendered":"<p>I g\u00e5r var jag i <strong>Flen<\/strong> och sk\u00f6rdade ber\u00e4ttelser om kommunens sj\u00e4l. Ett 50-tal politiker, tj\u00e4nstem\u00e4n och f\u00f6retagare hade kommit. Till och med <strong>Anders Lagbo<\/strong>, pr\u00e4sten som nu ser kyrkan sakta fyllas av kristna flyktingar, hade m\u00f6tt upp. N\u00e4r vi skildes hade vi en bruttolista p\u00e5 ungef\u00e4r 30 &#8211; 40 ber\u00e4ttelser som nu ska utv\u00e4rderas och diskuteras f\u00f6r att g\u00f6ra kommunen synlig p\u00e5 ett s\u00e4tt som st\u00e4mmer med kommunens blivande strategi i varum\u00e4rkesarbetet. Det \u00e4r ett sp\u00e4nnande s\u00e4tt att b\u00f6rja i den \u00e4nden, med en bred storyinsamling, f\u00f6r att sedan bygga strategin. Story f\u00f6rst och v\u00e4rdeorden sen.<\/p>\n","protected":false},"excerpt":{"rendered":"<p>I g\u00e5r var jag i Flen och sk\u00f6rdade ber\u00e4ttelser om kommunens sj\u00e4l. Ett 50-tal politiker, tj\u00e4nstem\u00e4n och f\u00f6retagare hade kommit. Till och med Anders Lagbo, pr\u00e4sten som nu ser kyrkan sakta fyllas av kristna flyktingar, hade m\u00f6tt upp. N\u00e4r vi skildes hade vi en bruttolista p\u00e5 ungef\u00e4r 30 &#8211; 40 ber\u00e4ttelser som nu ska utv\u00e4rderas&#8230;<\/p>\n","protected":false},"author":2,"featured_media":0,"comment_status":"open","ping_status":"closed","sticky":false,"template":"","format":"standard","meta":[],"categories":[2],"tags":[],"_links":{"self":[{"href":"https:\/\/storytellers.se\/index.php?rest_route=\/wp\/v2\/posts\/1986"}],"collection":[{"href":"https:\/\/storytellers.se\/index.php?rest_route=\/wp\/v2\/posts"}],"about":[{"href":"https:\/\/storytellers.se\/index.php?rest_route=\/wp\/v2\/types\/post"}],"author":[{"embeddable":true,"href":"https:\/\/storytellers.se\/index.php?rest_route=\/wp\/v2\/users\/2"}],"replies":[{"embeddable":true,"href":"https:\/\/storytellers.se\/index.php?rest_route=%2Fwp%2Fv2%2Fcomments&post=1986"}],"version-history":[{"count":0,"href":"https:\/\/storytellers.se\/index.php?rest_route=\/wp\/v2\/posts\/1986\/revisions"}],"wp:attachment":[{"href":"https:\/\/storytellers.se\/index.php?rest_route=%2Fwp%2Fv2%2Fmedia&parent=1986"}],"wp:term":[{"taxonomy":"category","embeddable":true,"href":"https:\/\/storytellers.se\/index.php?rest_route=%2Fwp%2Fv2%2Fcategories&post=1986"},{"taxonomy":"post_tag","embeddable":true,"href":"https:\/\/storytellers.se\/index.php?rest_route=%2Fwp%2Fv2%2Ftags&post=1986"}],"curies":[{"name":"wp","href":"https:\/\/api.w.org\/{rel}","templated":true}]}}