{"id":1984,"date":"2008-10-07T15:21:02","date_gmt":"2008-10-07T14:21:02","guid":{"rendered":"http:\/\/heijbel.wordpress.com\/2008\/10\/07\/storytelling-oavsett-konjunktur"},"modified":"2008-10-07T15:21:02","modified_gmt":"2008-10-07T14:21:02","slug":"storytelling-oavsett-konjunktur","status":"publish","type":"post","link":"https:\/\/storytellers.se\/?p=1984","title":{"rendered":"Storytelling oavsett konjunktur"},"content":{"rendered":"<p>Nu n\u00e4r konjunkturskr\u00e4cken b\u00f6rjar f\u00f6rlama m\u00e5nga organisationer och v\u00e4cka den avvaktande f\u00f6rsiktigheten \u00e4ven hos dem som kanske inte ens \u00e4r indragna kan det vara tryggt att reflektera \u00f6ver<em> Storytelling i och om organisationer<\/em>. Storytelling handlar om&#8230;<\/p>\n<p><!--more--><br \/>\ncontent, inneh\u00e5ll. Sk\u00f6rdat fr\u00e5n verkligheten.<br \/>\nStorytelling levererar l\u00e4tt och snabbt eftersom den framf\u00f6rs muntligt via webbaserade kanaler och m\u00f6tesplatser. Storytelling kr\u00e4ver inga extra investeringar i h\u00e5rd- eller mjukvara, den kr\u00e4ver inga speciella nyanst\u00e4llningar. Man kan helt enkelt s\u00e4ga att detta \u00e4r kommunikationsmetod som ger stor utdelning redan med sm\u00e5 investeringar. Dessutom kan alla ber\u00e4tta och det \u00e4r ett trevligt s\u00e4tt umg\u00e5s och utvecklas.<br \/>\nCorporate Storytelling arbetar envist med att f\u00f6rs\u00f6ka p\u00e5verka snacket och s\u00f6ka kraft i den egna kulturens verkliga ber\u00e4ttelser. Egentligen oavsett konjunkturl\u00e4ge.<br \/>\nMan kan, om man vill, tona ned de dyra produktionsleden med p\u00e5kostade tidningar, trycksaker, skyltkampanjer, eterstasningar med mera. Man satsar ist\u00e4llet p\u00e5<strong> Word of Mouth<\/strong> i rummet och p\u00e5 den sociala webben.<br \/>\nDet \u00e4r faktiskt ocks\u00e5 s\u00e5 att storytelling kan vara ett st\u00f6d och en kraftk\u00e4lla f\u00f6r dem som faktiskt drabbas av konjunkturerna.<br \/>\nJag har sj\u00e4lv varit med och sk\u00f6rdat ber\u00e4ttelser under den sv\u00e5ra missv\u00e4xt och det missmod som ibland drabbar f\u00f6retag eller  organisationer. N\u00e4r jag nu tycker mig m\u00e4rka en \u00f6kad f\u00f6rsiktighet s\u00e5 \u00e4r Storytelling faktiskt i grunden ett billigt s\u00e4tt att kommunicera.<br \/>\nS\u00e5 om din organisation drar in p\u00e5 kommunikation och l\u00e5ngsiktiga budgetplanerade kommunikationsinsatser. Reflektera \u00f6ver Storytelling.<br \/>\nEtt h\u00f6gt f\u00f6r\u00e4dlat budskap med r\u00f6tter i den egna kulturen och aff\u00e4ren kan vara ett vettigt val n\u00e4r det bl\u00e5ser motvind.<br \/>\nMan mobiliserar ber\u00e4ttarkapitalet och involverar egna medarbetare, kunder och andra intressenter i ber\u00e4ttandet.<br \/>\nStorytelling fungerar till vettiga kostnader &#8211; oavsett konjunktur.<\/p>\n","protected":false},"excerpt":{"rendered":"<p>Nu n\u00e4r konjunkturskr\u00e4cken b\u00f6rjar f\u00f6rlama m\u00e5nga organisationer och v\u00e4cka den avvaktande f\u00f6rsiktigheten \u00e4ven hos dem som kanske inte ens \u00e4r indragna kan det vara tryggt att reflektera \u00f6ver Storytelling i och om organisationer. Storytelling handlar om&#8230;<\/p>\n","protected":false},"author":2,"featured_media":0,"comment_status":"open","ping_status":"closed","sticky":false,"template":"","format":"standard","meta":[],"categories":[2],"tags":[],"_links":{"self":[{"href":"https:\/\/storytellers.se\/index.php?rest_route=\/wp\/v2\/posts\/1984"}],"collection":[{"href":"https:\/\/storytellers.se\/index.php?rest_route=\/wp\/v2\/posts"}],"about":[{"href":"https:\/\/storytellers.se\/index.php?rest_route=\/wp\/v2\/types\/post"}],"author":[{"embeddable":true,"href":"https:\/\/storytellers.se\/index.php?rest_route=\/wp\/v2\/users\/2"}],"replies":[{"embeddable":true,"href":"https:\/\/storytellers.se\/index.php?rest_route=%2Fwp%2Fv2%2Fcomments&post=1984"}],"version-history":[{"count":0,"href":"https:\/\/storytellers.se\/index.php?rest_route=\/wp\/v2\/posts\/1984\/revisions"}],"wp:attachment":[{"href":"https:\/\/storytellers.se\/index.php?rest_route=%2Fwp%2Fv2%2Fmedia&parent=1984"}],"wp:term":[{"taxonomy":"category","embeddable":true,"href":"https:\/\/storytellers.se\/index.php?rest_route=%2Fwp%2Fv2%2Fcategories&post=1984"},{"taxonomy":"post_tag","embeddable":true,"href":"https:\/\/storytellers.se\/index.php?rest_route=%2Fwp%2Fv2%2Ftags&post=1984"}],"curies":[{"name":"wp","href":"https:\/\/api.w.org\/{rel}","templated":true}]}}