{"id":1978,"date":"2008-09-30T12:01:38","date_gmt":"2008-09-30T11:01:38","guid":{"rendered":"http:\/\/heijbel.wordpress.com\/2008\/09\/30\/seminarietillfalle-i-november"},"modified":"2008-09-30T12:01:38","modified_gmt":"2008-09-30T11:01:38","slug":"seminarietillfalle-i-november","status":"publish","type":"post","link":"https:\/\/storytellers.se\/?p=1978","title":{"rendered":"Seminarietillf\u00e4lle i november"},"content":{"rendered":"<p>Den 14 november h\u00e5ller jag ett seminarium i Stockholm tillsammans med Wednesday Relations. Under rubriken <strong>Storytelling &#8211; Ett verktyg i ditt marknads- och f\u00f6rs\u00e4ljningsarbete<\/strong>. Det finns platser kvar f\u00f6r den som vill ha exempel, tips och id\u00e9er och som kanske \u00e4ven vill diskutera just sin organisation under dagen. <a href=\"http:\/\/www.wednesdayrelations.org\/main.asp?areaID=32&amp;CategoryID=237&amp;PageType=0\"><strong><em>H\u00e4r<\/em><\/strong><\/a> finns mer information om detta seminarium.<\/p>\n","protected":false},"excerpt":{"rendered":"<p>Den 14 november h\u00e5ller jag ett seminarium i Stockholm tillsammans med Wednesday Relations. Under rubriken Storytelling &#8211; Ett verktyg i ditt marknads- och f\u00f6rs\u00e4ljningsarbete. Det finns platser kvar f\u00f6r den som vill ha exempel, tips och id\u00e9er och som kanske \u00e4ven vill diskutera just sin organisation under dagen. H\u00e4r finns mer information om detta seminarium.<\/p>\n","protected":false},"author":2,"featured_media":0,"comment_status":"open","ping_status":"closed","sticky":false,"template":"","format":"standard","meta":[],"categories":[9],"tags":[],"_links":{"self":[{"href":"https:\/\/storytellers.se\/index.php?rest_route=\/wp\/v2\/posts\/1978"}],"collection":[{"href":"https:\/\/storytellers.se\/index.php?rest_route=\/wp\/v2\/posts"}],"about":[{"href":"https:\/\/storytellers.se\/index.php?rest_route=\/wp\/v2\/types\/post"}],"author":[{"embeddable":true,"href":"https:\/\/storytellers.se\/index.php?rest_route=\/wp\/v2\/users\/2"}],"replies":[{"embeddable":true,"href":"https:\/\/storytellers.se\/index.php?rest_route=%2Fwp%2Fv2%2Fcomments&post=1978"}],"version-history":[{"count":0,"href":"https:\/\/storytellers.se\/index.php?rest_route=\/wp\/v2\/posts\/1978\/revisions"}],"wp:attachment":[{"href":"https:\/\/storytellers.se\/index.php?rest_route=%2Fwp%2Fv2%2Fmedia&parent=1978"}],"wp:term":[{"taxonomy":"category","embeddable":true,"href":"https:\/\/storytellers.se\/index.php?rest_route=%2Fwp%2Fv2%2Fcategories&post=1978"},{"taxonomy":"post_tag","embeddable":true,"href":"https:\/\/storytellers.se\/index.php?rest_route=%2Fwp%2Fv2%2Ftags&post=1978"}],"curies":[{"name":"wp","href":"https:\/\/api.w.org\/{rel}","templated":true}]}}