{"id":1976,"date":"2008-09-29T14:17:56","date_gmt":"2008-09-29T13:17:56","guid":{"rendered":"http:\/\/heijbel.wordpress.com\/2008\/09\/29\/nominerad-i-europatavling"},"modified":"2008-09-29T14:17:56","modified_gmt":"2008-09-29T13:17:56","slug":"nominerad-i-europatavling","status":"publish","type":"post","link":"https:\/\/storytellers.se\/?p=1976","title":{"rendered":"Nominerad i Europat\u00e4vling"},"content":{"rendered":"<p>2-4 december 2008 \u00e4r det Europam\u00e4sterskap i vid <strong>EIBTM-m\u00e4ssan<\/strong> i Barcelona. <a href=\"http:\/\/www.brinc.se\/foretaget.htm\"><strong><em>Brincs eventbyr\u00e5<\/em><\/strong><\/a> fr\u00e5n G\u00e4vle t\u00e4vlar i kategorin b\u00e4sta eventkreat\u00f6rer. Brinc valde f\u00f6rra sommarens perfekt genomf\u00f6rda Grant Thorntondagar i Visby som bidrag. D\u00e4r var jag med och ansvarade f\u00f6r en storyextas d\u00e4r vi sk\u00f6rdade Corporate Stories fr\u00e5n de 700 medarbetarna p\u00e5 plats i Almedalen. Ber\u00e4ttelser som nu anv\u00e4nds systematiskt inom svenska delen av Grant Thornton.<\/p>\n","protected":false},"excerpt":{"rendered":"<p>2-4 december 2008 \u00e4r det Europam\u00e4sterskap i vid EIBTM-m\u00e4ssan i Barcelona. Brincs eventbyr\u00e5 fr\u00e5n G\u00e4vle t\u00e4vlar i kategorin b\u00e4sta eventkreat\u00f6rer. Brinc valde f\u00f6rra sommarens perfekt genomf\u00f6rda Grant Thorntondagar i Visby som bidrag. D\u00e4r var jag med och ansvarade f\u00f6r en storyextas d\u00e4r vi sk\u00f6rdade Corporate Stories fr\u00e5n de 700 medarbetarna p\u00e5 plats i Almedalen. Ber\u00e4ttelser&#8230;<\/p>\n","protected":false},"author":2,"featured_media":0,"comment_status":"open","ping_status":"closed","sticky":false,"template":"","format":"standard","meta":[],"categories":[2],"tags":[],"_links":{"self":[{"href":"https:\/\/storytellers.se\/index.php?rest_route=\/wp\/v2\/posts\/1976"}],"collection":[{"href":"https:\/\/storytellers.se\/index.php?rest_route=\/wp\/v2\/posts"}],"about":[{"href":"https:\/\/storytellers.se\/index.php?rest_route=\/wp\/v2\/types\/post"}],"author":[{"embeddable":true,"href":"https:\/\/storytellers.se\/index.php?rest_route=\/wp\/v2\/users\/2"}],"replies":[{"embeddable":true,"href":"https:\/\/storytellers.se\/index.php?rest_route=%2Fwp%2Fv2%2Fcomments&post=1976"}],"version-history":[{"count":0,"href":"https:\/\/storytellers.se\/index.php?rest_route=\/wp\/v2\/posts\/1976\/revisions"}],"wp:attachment":[{"href":"https:\/\/storytellers.se\/index.php?rest_route=%2Fwp%2Fv2%2Fmedia&parent=1976"}],"wp:term":[{"taxonomy":"category","embeddable":true,"href":"https:\/\/storytellers.se\/index.php?rest_route=%2Fwp%2Fv2%2Fcategories&post=1976"},{"taxonomy":"post_tag","embeddable":true,"href":"https:\/\/storytellers.se\/index.php?rest_route=%2Fwp%2Fv2%2Ftags&post=1976"}],"curies":[{"name":"wp","href":"https:\/\/api.w.org\/{rel}","templated":true}]}}