{"id":1970,"date":"2008-09-25T07:09:47","date_gmt":"2008-09-25T06:09:47","guid":{"rendered":"http:\/\/heijbel.wordpress.com\/2008\/09\/25\/bok-biblioteksmassan"},"modified":"2008-09-25T07:09:47","modified_gmt":"2008-09-25T06:09:47","slug":"bok-biblioteksmassan","status":"publish","type":"post","link":"https:\/\/storytellers.se\/?p=1970","title":{"rendered":"Bok &amp; Biblioteksm\u00e4ssan"},"content":{"rendered":"<p>I dag \u00f6ppnar <a href=\"http:\/\/www.bok-bibliotek.se\/\"><strong><em>Bok &amp; Biblioteksm\u00e4ssan<\/em><\/strong><\/a>, Nordens st\u00f6rsta kulturm\u00e4ssa, i G\u00f6teborg. Jag var d\u00e4r i g\u00e5r och gick d\u00e5, bland annat, med den arenaansvarige genom de enorma hallarna d\u00e4r det sj\u00f6d av aktivitet. Jag har n\u00e4mligen inlett ett storytellingsamarbete med sj\u00e4lva m\u00e4ssan och dess organisation. Kulturen hos dem som hanterar denna kulturm\u00e4ssa. De hanterar n\u00e4mligen \u00e5rligen cirka 700.000 bes\u00f6kare och de betyder enormt mycket f\u00f6r G\u00f6teborg. De har satsat h\u00e5rt p\u00e5 v\u00e4rdskapsarbete och p\u00e5 arbetet med sina egna v\u00e4rderingar. Min uppgift blir att bidra till sk\u00f6rdandet av ber\u00e4ttelser som bekr\u00e4ftar och st\u00e4rker <a href=\"http:\/\/www.swefair.se\/index.asp?section=omSvenskaMassan\"><strong><em>Svenska M\u00e4ssans<\/em><\/strong><\/a> egen kultur.<\/p>\n","protected":false},"excerpt":{"rendered":"<p>I dag \u00f6ppnar Bok &amp; Biblioteksm\u00e4ssan, Nordens st\u00f6rsta kulturm\u00e4ssa, i G\u00f6teborg. Jag var d\u00e4r i g\u00e5r och gick d\u00e5, bland annat, med den arenaansvarige genom de enorma hallarna d\u00e4r det sj\u00f6d av aktivitet. Jag har n\u00e4mligen inlett ett storytellingsamarbete med sj\u00e4lva m\u00e4ssan och dess organisation. Kulturen hos dem som hanterar denna kulturm\u00e4ssa. De hanterar n\u00e4mligen&#8230;<\/p>\n","protected":false},"author":2,"featured_media":0,"comment_status":"open","ping_status":"closed","sticky":false,"template":"","format":"standard","meta":[],"categories":[2],"tags":[],"_links":{"self":[{"href":"https:\/\/storytellers.se\/index.php?rest_route=\/wp\/v2\/posts\/1970"}],"collection":[{"href":"https:\/\/storytellers.se\/index.php?rest_route=\/wp\/v2\/posts"}],"about":[{"href":"https:\/\/storytellers.se\/index.php?rest_route=\/wp\/v2\/types\/post"}],"author":[{"embeddable":true,"href":"https:\/\/storytellers.se\/index.php?rest_route=\/wp\/v2\/users\/2"}],"replies":[{"embeddable":true,"href":"https:\/\/storytellers.se\/index.php?rest_route=%2Fwp%2Fv2%2Fcomments&post=1970"}],"version-history":[{"count":0,"href":"https:\/\/storytellers.se\/index.php?rest_route=\/wp\/v2\/posts\/1970\/revisions"}],"wp:attachment":[{"href":"https:\/\/storytellers.se\/index.php?rest_route=%2Fwp%2Fv2%2Fmedia&parent=1970"}],"wp:term":[{"taxonomy":"category","embeddable":true,"href":"https:\/\/storytellers.se\/index.php?rest_route=%2Fwp%2Fv2%2Fcategories&post=1970"},{"taxonomy":"post_tag","embeddable":true,"href":"https:\/\/storytellers.se\/index.php?rest_route=%2Fwp%2Fv2%2Ftags&post=1970"}],"curies":[{"name":"wp","href":"https:\/\/api.w.org\/{rel}","templated":true}]}}