{"id":1966,"date":"2008-09-20T09:13:15","date_gmt":"2008-09-20T08:13:15","guid":{"rendered":"http:\/\/heijbel.wordpress.com\/2008\/09\/20\/flen-i-mittens-rike"},"modified":"2008-09-20T09:13:15","modified_gmt":"2008-09-20T08:13:15","slug":"flen-i-mittens-rike","status":"publish","type":"post","link":"https:\/\/storytellers.se\/?p=1966","title":{"rendered":"Flen i mittens rike"},"content":{"rendered":"<p>I g\u00e5r var jag i Mittens Rike i mellersta S\u00f6rmland. N\u00e5ja, sj\u00e4lva s\u00e4ger de helt enkelt Flens Kommun. Det inneb\u00e4r t ex Malmk\u00f6ping, H\u00e4lleforsn\u00e4s, Sparreholm, Bettna och s\u00e5 vidare. Historiska orter i ett gudomligt sj\u00f6spr\u00e4ngt landskap mitt i S\u00f6rmland. Mittens Rike \u00e4r Sveriges proffsigaste flyktingmottagare i sin anl\u00e4ggning. Jag tr\u00e4ffade d\u00e4r, i seminarieform, ett 70-tal politiker, kommunanst\u00e4llda och n\u00e4ringslivsm\u00e4nniskor. Flensbygdens folk helt enkelt. Vi talade om varum\u00e4rke och Flensstories.<\/p>\n","protected":false},"excerpt":{"rendered":"<p>I g\u00e5r var jag i Mittens Rike i mellersta S\u00f6rmland. N\u00e5ja, sj\u00e4lva s\u00e4ger de helt enkelt Flens Kommun. Det inneb\u00e4r t ex Malmk\u00f6ping, H\u00e4lleforsn\u00e4s, Sparreholm, Bettna och s\u00e5 vidare. Historiska orter i ett gudomligt sj\u00f6spr\u00e4ngt landskap mitt i S\u00f6rmland. Mittens Rike \u00e4r Sveriges proffsigaste flyktingmottagare i sin anl\u00e4ggning. Jag tr\u00e4ffade d\u00e4r, i seminarieform, ett 70-tal&#8230;<\/p>\n","protected":false},"author":2,"featured_media":0,"comment_status":"open","ping_status":"closed","sticky":false,"template":"","format":"standard","meta":[],"categories":[2],"tags":[],"_links":{"self":[{"href":"https:\/\/storytellers.se\/index.php?rest_route=\/wp\/v2\/posts\/1966"}],"collection":[{"href":"https:\/\/storytellers.se\/index.php?rest_route=\/wp\/v2\/posts"}],"about":[{"href":"https:\/\/storytellers.se\/index.php?rest_route=\/wp\/v2\/types\/post"}],"author":[{"embeddable":true,"href":"https:\/\/storytellers.se\/index.php?rest_route=\/wp\/v2\/users\/2"}],"replies":[{"embeddable":true,"href":"https:\/\/storytellers.se\/index.php?rest_route=%2Fwp%2Fv2%2Fcomments&post=1966"}],"version-history":[{"count":0,"href":"https:\/\/storytellers.se\/index.php?rest_route=\/wp\/v2\/posts\/1966\/revisions"}],"wp:attachment":[{"href":"https:\/\/storytellers.se\/index.php?rest_route=%2Fwp%2Fv2%2Fmedia&parent=1966"}],"wp:term":[{"taxonomy":"category","embeddable":true,"href":"https:\/\/storytellers.se\/index.php?rest_route=%2Fwp%2Fv2%2Fcategories&post=1966"},{"taxonomy":"post_tag","embeddable":true,"href":"https:\/\/storytellers.se\/index.php?rest_route=%2Fwp%2Fv2%2Ftags&post=1966"}],"curies":[{"name":"wp","href":"https:\/\/api.w.org\/{rel}","templated":true}]}}