{"id":1958,"date":"2008-09-12T09:42:55","date_gmt":"2008-09-12T08:42:55","guid":{"rendered":"http:\/\/heijbel.wordpress.com\/2008\/09\/12\/fullt-i-helsingborg"},"modified":"2008-09-12T09:42:55","modified_gmt":"2008-09-12T08:42:55","slug":"fullt-i-helsingborg","status":"publish","type":"post","link":"https:\/\/storytellers.se\/?p=1958","title":{"rendered":"Fullt i Helsingborg"},"content":{"rendered":"<p>I dag h\u00f6ll jag ett frukostseminarium hos <a href=\"http:\/\/www.mih.m.se\/module.asp?page=detail&amp;XModuleId=5396&amp;ProgramId=732\"><strong><em>Marknadsf\u00f6reningen i Helsingborg<\/em><\/strong><\/a>. Det var fullt i konferenssalen i <strong>Dunkers Kulturhus<\/strong>. 350 personer frukosterade under ett fantastiskt mingel innan jag fick ordet. Det var n\u00e4stan partyst\u00e4mning fr\u00e5n kvart i sju p\u00e5 morgonen. Dunker sj\u00e4lv..<\/p>\n<p><!--more--><br \/>\nGummifabrik\u00f6ren som inte fick n\u00e5gra barn och d\u00e4rf\u00f6r donerade alla sina pengar till helsingborgarna \u00e4r utn\u00e4mnd till \u00e5rtusendets helsingborgare. Han medverkade som bronsstaty.<br \/>\n<strong>R\u00f6gles<\/strong> sportchef var d\u00e4r. Han ber\u00e4ttade i en paus f\u00f6r mig att det var Pollenkungen i \u00c4ngelholm som lade grunden f\u00f6r R\u00f6gles hockeylag, nu i elitserien. Pollenkungen beh\u00f6vde n\u00e5gonstans att lagra sina extrakt och byggde d\u00e5 en hall p\u00e5 60-talet som ocks\u00e5 gick att anv\u00e4nda f\u00f6r hockey.<br \/>\nBer\u00e4tta era sanna anekdotiska ber\u00e4ttelser vid varje match\u00f6ppning, sa jag till R\u00f6gles marknadschef. Max 2 minuter l\u00e5nga. En story per matchtillf\u00e4lle r\u00e4tt ut i hallen. D\u00e5 har ni snart tusentals ber\u00e4ttarambassad\u00f6rer. De \u00e4r ju redan med p\u00e5 R\u00f6gles sida s\u00e5 att s\u00e4ga. Vill inget hellre \u00e4n ber\u00e4tta. Ta fram 5 viktiga ber\u00e4ttelser och ge dem vingar via supportrarna.<br \/>\nF\u00f6r de 350 betalande g\u00e4sterna som ville h\u00f6ra mig ber\u00e4ttade jag om hur underbart det \u00e4r att anv\u00e4nda sig av sanna ber\u00e4ttelser n\u00e4r man <em>f\u00f6r sig mot marknaden<\/em>. Jag talade med exempel om hur storytelling bygger varum\u00e4rken och p\u00e5verkar priser och sj\u00e4lvk\u00e4nsla.<\/p>\n","protected":false},"excerpt":{"rendered":"<p>I dag h\u00f6ll jag ett frukostseminarium hos Marknadsf\u00f6reningen i Helsingborg. Det var fullt i konferenssalen i Dunkers Kulturhus. 350 personer frukosterade under ett fantastiskt mingel innan jag fick ordet. Det var n\u00e4stan partyst\u00e4mning fr\u00e5n kvart i sju p\u00e5 morgonen. Dunker sj\u00e4lv..<\/p>\n","protected":false},"author":2,"featured_media":0,"comment_status":"open","ping_status":"closed","sticky":false,"template":"","format":"standard","meta":[],"categories":[2],"tags":[],"_links":{"self":[{"href":"https:\/\/storytellers.se\/index.php?rest_route=\/wp\/v2\/posts\/1958"}],"collection":[{"href":"https:\/\/storytellers.se\/index.php?rest_route=\/wp\/v2\/posts"}],"about":[{"href":"https:\/\/storytellers.se\/index.php?rest_route=\/wp\/v2\/types\/post"}],"author":[{"embeddable":true,"href":"https:\/\/storytellers.se\/index.php?rest_route=\/wp\/v2\/users\/2"}],"replies":[{"embeddable":true,"href":"https:\/\/storytellers.se\/index.php?rest_route=%2Fwp%2Fv2%2Fcomments&post=1958"}],"version-history":[{"count":0,"href":"https:\/\/storytellers.se\/index.php?rest_route=\/wp\/v2\/posts\/1958\/revisions"}],"wp:attachment":[{"href":"https:\/\/storytellers.se\/index.php?rest_route=%2Fwp%2Fv2%2Fmedia&parent=1958"}],"wp:term":[{"taxonomy":"category","embeddable":true,"href":"https:\/\/storytellers.se\/index.php?rest_route=%2Fwp%2Fv2%2Fcategories&post=1958"},{"taxonomy":"post_tag","embeddable":true,"href":"https:\/\/storytellers.se\/index.php?rest_route=%2Fwp%2Fv2%2Ftags&post=1958"}],"curies":[{"name":"wp","href":"https:\/\/api.w.org\/{rel}","templated":true}]}}