{"id":1956,"date":"2008-09-11T19:05:01","date_gmt":"2008-09-11T18:05:01","guid":{"rendered":"http:\/\/heijbel.wordpress.com\/2008\/09\/11\/100-000-besok-pa-sajten"},"modified":"2008-09-11T19:05:01","modified_gmt":"2008-09-11T18:05:01","slug":"100-000-besok-pa-sajten","status":"publish","type":"post","link":"https:\/\/storytellers.se\/?p=1956","title":{"rendered":"100.000 bes\u00f6k p\u00e5 sajten"},"content":{"rendered":"<p>I natt passerar r\u00e4knaren p\u00e5 storytellers.se 100.000. Jag har allts\u00e5 haft 100.000 bes\u00f6k sen jag startade storytellerbloggen. N\u00e4r jag f\u00f6r m\u00e5nga \u00e5r sedan b\u00f6rjade att ta in begreppet <em>Corporate Storytelling, Business Narratives<\/em> och <em>Storytelling in Organizations<\/em> fr\u00e5n England och Usa var det inte m\u00e5nga som f\u00f6rstod vad det handlade om. Nu finns det<\/p>\n<p><!--more--><br \/>\n&#8230;i h\u00f6gskoleutbildningar h\u00e4r hemma i Sverige ocks\u00e5 och m\u00e5nga anv\u00e4nder numera ordet storytelling. Men f\u00e5 arbetar med det i verkligheten efter n\u00e5gon medveten modell. Mycket snack och lite verkstad, helt enkelt. Ibland verkar det vara hipp som happ, hit och dit. Ett ord f\u00f6r vad som helst. Men inte h\u00e4r p\u00e5 storytellers.se.<br \/>\nJag har modeller och metoder som visar hur man s\u00f6ker, sk\u00f6rdar och anv\u00e4nder. Jag inspirationsf\u00f6rel\u00e4ser och kan h\u00e5lla i utbildningar \u00e4mnet.<br \/>\nJag arbetar i kommuner, stora och sm\u00e5 f\u00f6retag, myndigheter och med enskilda n\u00e4r de vill sk\u00f6rda sitt ber\u00e4ttarkapital och s\u00e4tta det i arbete i anekdotisk form f\u00f6r att bli framg\u00e5ngsrika.<br \/>\nKontakta mig p\u00e5 <a href=\"mailto:matts@storytellers.se\">matts@storytellers.se<\/a> om du vill h\u00f6ra vad det kan vara f\u00f6r din organisation. Att fr\u00e5ga kostar ingenting.<\/p>\n","protected":false},"excerpt":{"rendered":"<p>I natt passerar r\u00e4knaren p\u00e5 storytellers.se 100.000. Jag har allts\u00e5 haft 100.000 bes\u00f6k sen jag startade storytellerbloggen. N\u00e4r jag f\u00f6r m\u00e5nga \u00e5r sedan b\u00f6rjade att ta in begreppet Corporate Storytelling, Business Narratives och Storytelling in Organizations fr\u00e5n England och Usa var det inte m\u00e5nga som f\u00f6rstod vad det handlade om. Nu finns det<\/p>\n","protected":false},"author":2,"featured_media":0,"comment_status":"open","ping_status":"closed","sticky":false,"template":"","format":"standard","meta":[],"categories":[2],"tags":[],"_links":{"self":[{"href":"https:\/\/storytellers.se\/index.php?rest_route=\/wp\/v2\/posts\/1956"}],"collection":[{"href":"https:\/\/storytellers.se\/index.php?rest_route=\/wp\/v2\/posts"}],"about":[{"href":"https:\/\/storytellers.se\/index.php?rest_route=\/wp\/v2\/types\/post"}],"author":[{"embeddable":true,"href":"https:\/\/storytellers.se\/index.php?rest_route=\/wp\/v2\/users\/2"}],"replies":[{"embeddable":true,"href":"https:\/\/storytellers.se\/index.php?rest_route=%2Fwp%2Fv2%2Fcomments&post=1956"}],"version-history":[{"count":0,"href":"https:\/\/storytellers.se\/index.php?rest_route=\/wp\/v2\/posts\/1956\/revisions"}],"wp:attachment":[{"href":"https:\/\/storytellers.se\/index.php?rest_route=%2Fwp%2Fv2%2Fmedia&parent=1956"}],"wp:term":[{"taxonomy":"category","embeddable":true,"href":"https:\/\/storytellers.se\/index.php?rest_route=%2Fwp%2Fv2%2Fcategories&post=1956"},{"taxonomy":"post_tag","embeddable":true,"href":"https:\/\/storytellers.se\/index.php?rest_route=%2Fwp%2Fv2%2Ftags&post=1956"}],"curies":[{"name":"wp","href":"https:\/\/api.w.org\/{rel}","templated":true}]}}