{"id":1954,"date":"2008-09-10T14:24:34","date_gmt":"2008-09-10T13:24:34","guid":{"rendered":"http:\/\/heijbel.wordpress.com\/2008\/09\/10\/ah-vad-han-ar-bra"},"modified":"2008-09-10T14:24:34","modified_gmt":"2008-09-10T13:24:34","slug":"ah-vad-han-ar-bra","status":"publish","type":"post","link":"https:\/\/storytellers.se\/?p=1954","title":{"rendered":"\u00c5h vad han \u00e4r bra!"},"content":{"rendered":"<p>Det h\u00e4r \u00e4r ju en f\u00f6retagsblogg om Corporate Storytelling och organisationsber\u00e4ttande h\u00e4r i landet. Jag ber\u00e4ttar p\u00e5 denna webbplats \u00f6ppet och prestigel\u00f6st om vad som h\u00e4nt och vad som och \u00e4r p\u00e5 g\u00e5ng. D\u00e5 och d\u00e5 m\u00e5ste jag tyv\u00e4rr ocks\u00e5 ber\u00f6mma mig sj\u00e4lv och mina seminarier trots det lite osvenska i det. Nu har jag f\u00e5tt omd\u00f6men om min insats med hela chefsorganisationen <strong>Ledarna<\/strong> nyligen. Jag rodnar n\u00e4r jag l\u00e4ser. Vill du veta vad de tyckte s\u00e5 klicka p\u00e5 l\u00e4nken under&#8230;<\/p>\n<p><!--more--><br \/>\n<strong>\u2022 Sk\u00f6n inlevelse och entusiasm<br \/>\n\u2022 Mycket l\u00e4tt att lyssna p\u00e5<br \/>\n\u2022 Mycket beg\u00e5vad performer<br \/>\n\u2022 Mycket inspirerande och roligt!<br \/>\n\u2022 Mycket bra och ber\u00f6rande<br \/>\n\u2022 Superbra<br \/>\n\u2022 Medryckande, tankev\u00e4ckande, briljant<br \/>\n\u2022 Bra tempo, fantastisk att lyssna p\u00e5<br \/>\n\u2022 Inspirerande<br \/>\n\u2022 Underbar m\u00e4nniska!<br \/>\n\u2022 Stort tack f\u00f6r en fantastisk inspirerande f\u00f6rel\u00e4sning!<br \/>\n\u2022 Kanonkul<br \/>\n\u2022 Fantastsikt inspirerande. Gav mig en riktig tankest\u00e4llare om hur viktigt det \u00e4r f\u00f6r mitt arbete<br \/>\n\u2022 Vilken m\u00e4nniska! Fantastisk!<br \/>\n<\/strong><br \/>\n<em>Suck. Ja nu \u00e4r det sagt. Detta \u00e4r omd\u00f6men jag fick fr\u00e5n Ledarna. Jag f\u00f6rst\u00e5r dem. Det \u00e4r n\u00e4mligen roligt och nyttigt att med en tydlig metod sk\u00f6rda ber\u00e4ttelser i och kring organisationer.<br \/>\nEftersom detta \u00e4r en f\u00f6retagsblogg m\u00e5ste jag ocks\u00e5 f\u00e5 ber\u00e4tta s\u00e5dant h\u00e4r n\u00e5gon g\u00e5ng d\u00e5 och d\u00e5.<br \/>\nN\u00e4r man sk\u00f6rdar s\u00e5 \u00e4r f\u00f6r \u00f6vrigt inte Jante bjuden.<br \/>\nJag f\u00e5r, med mina metoder, de medverkande att tala om stolthet, gl\u00e4dje och utveckling utifr\u00e5n verkliga h\u00e4ndelser de h\u00f6rt om eller varit med om. S\u00e5 det \u00e4r egentligen de som \u00e4r fantastiska n\u00e4r de kommer loss och ber\u00e4ttar.<br \/>\nD\u00e4rf\u00f6r \u00e4lskar man storytelling som f\u00f6rst\u00e5r f\u00f6retag och organisationer och deras kulturer och kompetenser.<br \/>\nJag anv\u00e4nder min erfarenhet som f\u00f6rfattare och journalist och mina perspektiv som socialantropolog och min livsl\u00e5nga erfarenhet som f\u00f6retagare. D\u00e5 blir man s\u00e5 d\u00e4r entusiastisk. Metoderna jag anv\u00e4nder fungerar i alla typer av organisationer.<br \/>\nSj\u00e4lva guldet, ber\u00e4ttarkapitalet. Det finns d\u00e4r. Det \u00e4r bara att leta upp det, v\u00e4lja och sk\u00f6rda. Jag vet hur man g\u00f6r.<\/em><\/p>\n","protected":false},"excerpt":{"rendered":"<p>Det h\u00e4r \u00e4r ju en f\u00f6retagsblogg om Corporate Storytelling och organisationsber\u00e4ttande h\u00e4r i landet. Jag ber\u00e4ttar p\u00e5 denna webbplats \u00f6ppet och prestigel\u00f6st om vad som h\u00e4nt och vad som och \u00e4r p\u00e5 g\u00e5ng. D\u00e5 och d\u00e5 m\u00e5ste jag tyv\u00e4rr ocks\u00e5 ber\u00f6mma mig sj\u00e4lv och mina seminarier trots det lite osvenska i det. Nu har jag&#8230;<\/p>\n","protected":false},"author":2,"featured_media":0,"comment_status":"open","ping_status":"closed","sticky":false,"template":"","format":"standard","meta":[],"categories":[2],"tags":[],"_links":{"self":[{"href":"https:\/\/storytellers.se\/index.php?rest_route=\/wp\/v2\/posts\/1954"}],"collection":[{"href":"https:\/\/storytellers.se\/index.php?rest_route=\/wp\/v2\/posts"}],"about":[{"href":"https:\/\/storytellers.se\/index.php?rest_route=\/wp\/v2\/types\/post"}],"author":[{"embeddable":true,"href":"https:\/\/storytellers.se\/index.php?rest_route=\/wp\/v2\/users\/2"}],"replies":[{"embeddable":true,"href":"https:\/\/storytellers.se\/index.php?rest_route=%2Fwp%2Fv2%2Fcomments&post=1954"}],"version-history":[{"count":0,"href":"https:\/\/storytellers.se\/index.php?rest_route=\/wp\/v2\/posts\/1954\/revisions"}],"wp:attachment":[{"href":"https:\/\/storytellers.se\/index.php?rest_route=%2Fwp%2Fv2%2Fmedia&parent=1954"}],"wp:term":[{"taxonomy":"category","embeddable":true,"href":"https:\/\/storytellers.se\/index.php?rest_route=%2Fwp%2Fv2%2Fcategories&post=1954"},{"taxonomy":"post_tag","embeddable":true,"href":"https:\/\/storytellers.se\/index.php?rest_route=%2Fwp%2Fv2%2Ftags&post=1954"}],"curies":[{"name":"wp","href":"https:\/\/api.w.org\/{rel}","templated":true}]}}