{"id":1952,"date":"2008-09-09T19:23:48","date_gmt":"2008-09-09T18:23:48","guid":{"rendered":"http:\/\/heijbel.wordpress.com\/2008\/09\/09\/motte-70-informatorer"},"modified":"2008-09-09T19:23:48","modified_gmt":"2008-09-09T18:23:48","slug":"motte-70-informatorer","status":"publish","type":"post","link":"https:\/\/storytellers.se\/?p=1952","title":{"rendered":"M\u00f6tte 70 informat\u00f6rer"},"content":{"rendered":"<p>I dag tr\u00e4ffade jag ett 70-tal informat\u00f6rer fr\u00e5n Stockholms Stad f\u00f6r att tala storytelling och ha en f\u00f6rsta sk\u00f6rdeomg\u00e5ng. Ber\u00e4ttelserna ska s\u00e4ttas i arbete i kommunens visionsarbete, vision 2030. Se lite om v\u00e4rderorden <a href=\"http:\/\/www.stockholm.se\/OmStockholm\/Stadsutveckling\/Vision-2030\/\"><strong>h\u00e4r<\/strong><\/a>.<\/p>\n","protected":false},"excerpt":{"rendered":"<p>I dag tr\u00e4ffade jag ett 70-tal informat\u00f6rer fr\u00e5n Stockholms Stad f\u00f6r att tala storytelling och ha en f\u00f6rsta sk\u00f6rdeomg\u00e5ng. Ber\u00e4ttelserna ska s\u00e4ttas i arbete i kommunens visionsarbete, vision 2030. Se lite om v\u00e4rderorden h\u00e4r.<\/p>\n","protected":false},"author":2,"featured_media":0,"comment_status":"open","ping_status":"closed","sticky":false,"template":"","format":"standard","meta":[],"categories":[4],"tags":[],"_links":{"self":[{"href":"https:\/\/storytellers.se\/index.php?rest_route=\/wp\/v2\/posts\/1952"}],"collection":[{"href":"https:\/\/storytellers.se\/index.php?rest_route=\/wp\/v2\/posts"}],"about":[{"href":"https:\/\/storytellers.se\/index.php?rest_route=\/wp\/v2\/types\/post"}],"author":[{"embeddable":true,"href":"https:\/\/storytellers.se\/index.php?rest_route=\/wp\/v2\/users\/2"}],"replies":[{"embeddable":true,"href":"https:\/\/storytellers.se\/index.php?rest_route=%2Fwp%2Fv2%2Fcomments&post=1952"}],"version-history":[{"count":0,"href":"https:\/\/storytellers.se\/index.php?rest_route=\/wp\/v2\/posts\/1952\/revisions"}],"wp:attachment":[{"href":"https:\/\/storytellers.se\/index.php?rest_route=%2Fwp%2Fv2%2Fmedia&parent=1952"}],"wp:term":[{"taxonomy":"category","embeddable":true,"href":"https:\/\/storytellers.se\/index.php?rest_route=%2Fwp%2Fv2%2Fcategories&post=1952"},{"taxonomy":"post_tag","embeddable":true,"href":"https:\/\/storytellers.se\/index.php?rest_route=%2Fwp%2Fv2%2Ftags&post=1952"}],"curies":[{"name":"wp","href":"https:\/\/api.w.org\/{rel}","templated":true}]}}