{"id":1948,"date":"2008-09-04T20:38:40","date_gmt":"2008-09-04T19:38:40","guid":{"rendered":"http:\/\/heijbel.wordpress.com\/2008\/09\/04\/flensberattelser"},"modified":"2008-09-04T20:38:40","modified_gmt":"2008-09-04T19:38:40","slug":"flensberattelser","status":"publish","type":"post","link":"https:\/\/storytellers.se\/?p=1948","title":{"rendered":"Flensber\u00e4ttelser"},"content":{"rendered":"<p>Idag har jag rest runt 10 timmar i <a href=\"http:\/\/flen.se\"><strong><em>Flens kommun<\/em><\/strong><\/a> f\u00f6r att l\u00e4gga grunden till mitt p\u00e5g\u00e5ende arbete med att befolka Flens varum\u00e4rke. Jag har tr\u00e4ffat politiker, chefer, vanliga Flensbor och sett mig mycket omkring f\u00f6r att hitta de emotionella bilderna av Flensfolket. F\u00f6r mig handlar det om m\u00e4nniskor som lever och har levt i Flens kommun och vad som \u00e4r typiskt f\u00f6r dem. Flen \u00e4r en av de 5 kommuner som jag nu arbetar med. Jag \u00e4r nu i inl\u00e4sar- och ink\u00e4nnarfasen n\u00e4r det g\u00e4ller Flens kommun.<\/p>\n","protected":false},"excerpt":{"rendered":"<p>Idag har jag rest runt 10 timmar i Flens kommun f\u00f6r att l\u00e4gga grunden till mitt p\u00e5g\u00e5ende arbete med att befolka Flens varum\u00e4rke. Jag har tr\u00e4ffat politiker, chefer, vanliga Flensbor och sett mig mycket omkring f\u00f6r att hitta de emotionella bilderna av Flensfolket. F\u00f6r mig handlar det om m\u00e4nniskor som lever och har levt i&#8230;<\/p>\n","protected":false},"author":2,"featured_media":0,"comment_status":"open","ping_status":"closed","sticky":false,"template":"","format":"standard","meta":[],"categories":[4],"tags":[],"_links":{"self":[{"href":"https:\/\/storytellers.se\/index.php?rest_route=\/wp\/v2\/posts\/1948"}],"collection":[{"href":"https:\/\/storytellers.se\/index.php?rest_route=\/wp\/v2\/posts"}],"about":[{"href":"https:\/\/storytellers.se\/index.php?rest_route=\/wp\/v2\/types\/post"}],"author":[{"embeddable":true,"href":"https:\/\/storytellers.se\/index.php?rest_route=\/wp\/v2\/users\/2"}],"replies":[{"embeddable":true,"href":"https:\/\/storytellers.se\/index.php?rest_route=%2Fwp%2Fv2%2Fcomments&post=1948"}],"version-history":[{"count":0,"href":"https:\/\/storytellers.se\/index.php?rest_route=\/wp\/v2\/posts\/1948\/revisions"}],"wp:attachment":[{"href":"https:\/\/storytellers.se\/index.php?rest_route=%2Fwp%2Fv2%2Fmedia&parent=1948"}],"wp:term":[{"taxonomy":"category","embeddable":true,"href":"https:\/\/storytellers.se\/index.php?rest_route=%2Fwp%2Fv2%2Fcategories&post=1948"},{"taxonomy":"post_tag","embeddable":true,"href":"https:\/\/storytellers.se\/index.php?rest_route=%2Fwp%2Fv2%2Ftags&post=1948"}],"curies":[{"name":"wp","href":"https:\/\/api.w.org\/{rel}","templated":true}]}}