{"id":1942,"date":"2008-08-28T19:36:56","date_gmt":"2008-08-28T18:36:56","guid":{"rendered":"http:\/\/heijbel.wordpress.com\/2008\/08\/28\/sydsvenskan-blir-mer-berattande"},"modified":"2008-08-28T19:36:56","modified_gmt":"2008-08-28T18:36:56","slug":"sydsvenskan-blir-mer-berattande","status":"publish","type":"post","link":"https:\/\/storytellers.se\/?p=1942","title":{"rendered":"Sydsvenskan blir mer ber\u00e4ttande?"},"content":{"rendered":"<p>Jag l\u00e4ser i <a href=\"http:\/\/www.dagensmedia.se\/mallar\/dagensmedia_mall.asp?version=184209\"><strong><em>Dagens Media<\/em><\/strong><\/a> att <strong>Daniel Sandstr\u00f6m<\/strong>, den nye chefredakt\u00f6ren f\u00f6r Sydsvenska Dagbladet, vurmar f\u00f6r storytelling. L\u00e5ter sp\u00e4nnande. Hoppas att det betyder en tidning med fler scener, tydligare dramaturgier och mer emotionellt ber\u00e4ttande. Inte bara n\u00e4r, var, hur, vem, vad, och varf\u00f6r.<\/p>\n","protected":false},"excerpt":{"rendered":"<p>Jag l\u00e4ser i Dagens Media att Daniel Sandstr\u00f6m, den nye chefredakt\u00f6ren f\u00f6r Sydsvenska Dagbladet, vurmar f\u00f6r storytelling. L\u00e5ter sp\u00e4nnande. Hoppas att det betyder en tidning med fler scener, tydligare dramaturgier och mer emotionellt ber\u00e4ttande. Inte bara n\u00e4r, var, hur, vem, vad, och varf\u00f6r.<\/p>\n","protected":false},"author":2,"featured_media":0,"comment_status":"open","ping_status":"closed","sticky":false,"template":"","format":"standard","meta":[],"categories":[2],"tags":[],"_links":{"self":[{"href":"https:\/\/storytellers.se\/index.php?rest_route=\/wp\/v2\/posts\/1942"}],"collection":[{"href":"https:\/\/storytellers.se\/index.php?rest_route=\/wp\/v2\/posts"}],"about":[{"href":"https:\/\/storytellers.se\/index.php?rest_route=\/wp\/v2\/types\/post"}],"author":[{"embeddable":true,"href":"https:\/\/storytellers.se\/index.php?rest_route=\/wp\/v2\/users\/2"}],"replies":[{"embeddable":true,"href":"https:\/\/storytellers.se\/index.php?rest_route=%2Fwp%2Fv2%2Fcomments&post=1942"}],"version-history":[{"count":0,"href":"https:\/\/storytellers.se\/index.php?rest_route=\/wp\/v2\/posts\/1942\/revisions"}],"wp:attachment":[{"href":"https:\/\/storytellers.se\/index.php?rest_route=%2Fwp%2Fv2%2Fmedia&parent=1942"}],"wp:term":[{"taxonomy":"category","embeddable":true,"href":"https:\/\/storytellers.se\/index.php?rest_route=%2Fwp%2Fv2%2Fcategories&post=1942"},{"taxonomy":"post_tag","embeddable":true,"href":"https:\/\/storytellers.se\/index.php?rest_route=%2Fwp%2Fv2%2Ftags&post=1942"}],"curies":[{"name":"wp","href":"https:\/\/api.w.org\/{rel}","templated":true}]}}