{"id":1940,"date":"2008-08-28T11:03:43","date_gmt":"2008-08-28T10:03:43","guid":{"rendered":"http:\/\/heijbel.wordpress.com\/2008\/08\/28\/landsbygdskonferens-2008"},"modified":"2008-08-28T11:03:43","modified_gmt":"2008-08-28T10:03:43","slug":"landsbygdskonferens-2008","status":"publish","type":"post","link":"https:\/\/storytellers.se\/?p=1940","title":{"rendered":"Landsbygdskonferens 2008"},"content":{"rendered":"<p>Den 22-23 oktober h\u00e5lls i Emmaboda <a href=\"http:\/\/www.emmaboda.se\/For-naringslivet\/Landsbygdskonferens\/program\/\"><strong><em><strong>Landsbygdskonferens 2008<\/strong> med temat: <em>Byautveckling &#8211; H\u00e5llbara bygder<\/em><\/em><\/strong><\/a>  .<br \/>\nForskare, tj\u00e4nstem\u00e4n, eldsj\u00e4lar, politiker och entrepren\u00f6rer m\u00f6ts i Emmaboda Folkets Hus. Jag har blivit inbjuden och kommer..<\/p>\n<p><!--more--><br \/>\n&#8230;under dag 1 att tala under rubriken: Storytelling. <em>Hur kan vi skapa sanna ber\u00e4ttelser om v\u00e5ra byar som f\u00f6r utvecklingen fram\u00e5t?<\/em><br \/>\nDet \u00e4r ett sp\u00e4nnande sammanhang och jag kommer att ber\u00e4tta bland annat om hur jag arbetat med stora och sm\u00e5 kommuner. Vilka ber\u00e4ttelser sk\u00f6rdar de f\u00f6r att bli synliga och attraktiva.<br \/>\nJag kommer att ge r\u00e5d och f\u00f6rhoppningsvis kommer jag att stimulera deltagarna att t\u00e4nka som s\u00e5 att ber\u00e4ttelserna finns, vi beh\u00f6ver inte hitta p\u00e5 dem. Det g\u00e4ller att veta vad man vill, att s\u00f6ka efter ber\u00e4ttelser som st\u00f6der strategin och att sedan sk\u00f6rda dem och s\u00e4tta dem i arbete.<\/p>\n","protected":false},"excerpt":{"rendered":"<p>Den 22-23 oktober h\u00e5lls i Emmaboda Landsbygdskonferens 2008 med temat: Byautveckling &#8211; H\u00e5llbara bygder . Forskare, tj\u00e4nstem\u00e4n, eldsj\u00e4lar, politiker och entrepren\u00f6rer m\u00f6ts i Emmaboda Folkets Hus. Jag har blivit inbjuden och kommer..<\/p>\n","protected":false},"author":2,"featured_media":0,"comment_status":"open","ping_status":"closed","sticky":false,"template":"","format":"standard","meta":[],"categories":[9],"tags":[],"_links":{"self":[{"href":"https:\/\/storytellers.se\/index.php?rest_route=\/wp\/v2\/posts\/1940"}],"collection":[{"href":"https:\/\/storytellers.se\/index.php?rest_route=\/wp\/v2\/posts"}],"about":[{"href":"https:\/\/storytellers.se\/index.php?rest_route=\/wp\/v2\/types\/post"}],"author":[{"embeddable":true,"href":"https:\/\/storytellers.se\/index.php?rest_route=\/wp\/v2\/users\/2"}],"replies":[{"embeddable":true,"href":"https:\/\/storytellers.se\/index.php?rest_route=%2Fwp%2Fv2%2Fcomments&post=1940"}],"version-history":[{"count":0,"href":"https:\/\/storytellers.se\/index.php?rest_route=\/wp\/v2\/posts\/1940\/revisions"}],"wp:attachment":[{"href":"https:\/\/storytellers.se\/index.php?rest_route=%2Fwp%2Fv2%2Fmedia&parent=1940"}],"wp:term":[{"taxonomy":"category","embeddable":true,"href":"https:\/\/storytellers.se\/index.php?rest_route=%2Fwp%2Fv2%2Fcategories&post=1940"},{"taxonomy":"post_tag","embeddable":true,"href":"https:\/\/storytellers.se\/index.php?rest_route=%2Fwp%2Fv2%2Ftags&post=1940"}],"curies":[{"name":"wp","href":"https:\/\/api.w.org\/{rel}","templated":true}]}}