{"id":1938,"date":"2008-08-27T18:48:20","date_gmt":"2008-08-27T17:48:20","guid":{"rendered":"http:\/\/heijbel.wordpress.com\/2008\/08\/27\/2-dagar-med-ledarna"},"modified":"2008-08-27T18:48:20","modified_gmt":"2008-08-27T17:48:20","slug":"2-dagar-med-ledarna","status":"publish","type":"post","link":"https:\/\/storytellers.se\/?p=1938","title":{"rendered":"2 dagar med Ledarna"},"content":{"rendered":"<p>Nu har jag tr\u00e4ffat chefsorganisationen <a href=\"http:\/\/ledarna.se\"><strong><em>Ledarna<\/em><\/strong><\/a> i 2 dagar. Idag hade vi storyextas p\u00e5 vildmarksmus\u00e9et i Kolm\u00e5rden. Massor av sp\u00e4nnande ber\u00e4ttelser kom fram i sk\u00f6rdefesten. M\u00e5nga av dem handlade om stolthet \u00f6ver att f\u00e5 arbeta i organisationen. Storytelling \u00e4r ett utm\u00e4rkt s\u00e4tt att utmana <a href=\"http:\/\/sv.wikipedia.org\/wiki\/Jantelagen\"><strong><em>Jantelagen<\/em><\/strong><\/a>. Inte minst under en s\u00e5 omfattande f\u00f6r\u00e4ndringsprocess som Ledarna g\u00e5r igenom sen n\u00e5gra \u00e5r.<\/p>\n","protected":false},"excerpt":{"rendered":"<p>Nu har jag tr\u00e4ffat chefsorganisationen Ledarna i 2 dagar. Idag hade vi storyextas p\u00e5 vildmarksmus\u00e9et i Kolm\u00e5rden. Massor av sp\u00e4nnande ber\u00e4ttelser kom fram i sk\u00f6rdefesten. M\u00e5nga av dem handlade om stolthet \u00f6ver att f\u00e5 arbeta i organisationen. Storytelling \u00e4r ett utm\u00e4rkt s\u00e4tt att utmana Jantelagen. Inte minst under en s\u00e5 omfattande f\u00f6r\u00e4ndringsprocess som Ledarna g\u00e5r&#8230;<\/p>\n","protected":false},"author":2,"featured_media":0,"comment_status":"open","ping_status":"closed","sticky":false,"template":"","format":"standard","meta":[],"categories":[4],"tags":[],"_links":{"self":[{"href":"https:\/\/storytellers.se\/index.php?rest_route=\/wp\/v2\/posts\/1938"}],"collection":[{"href":"https:\/\/storytellers.se\/index.php?rest_route=\/wp\/v2\/posts"}],"about":[{"href":"https:\/\/storytellers.se\/index.php?rest_route=\/wp\/v2\/types\/post"}],"author":[{"embeddable":true,"href":"https:\/\/storytellers.se\/index.php?rest_route=\/wp\/v2\/users\/2"}],"replies":[{"embeddable":true,"href":"https:\/\/storytellers.se\/index.php?rest_route=%2Fwp%2Fv2%2Fcomments&post=1938"}],"version-history":[{"count":0,"href":"https:\/\/storytellers.se\/index.php?rest_route=\/wp\/v2\/posts\/1938\/revisions"}],"wp:attachment":[{"href":"https:\/\/storytellers.se\/index.php?rest_route=%2Fwp%2Fv2%2Fmedia&parent=1938"}],"wp:term":[{"taxonomy":"category","embeddable":true,"href":"https:\/\/storytellers.se\/index.php?rest_route=%2Fwp%2Fv2%2Fcategories&post=1938"},{"taxonomy":"post_tag","embeddable":true,"href":"https:\/\/storytellers.se\/index.php?rest_route=%2Fwp%2Fv2%2Ftags&post=1938"}],"curies":[{"name":"wp","href":"https:\/\/api.w.org\/{rel}","templated":true}]}}