{"id":1936,"date":"2008-08-26T08:43:05","date_gmt":"2008-08-26T07:43:05","guid":{"rendered":"http:\/\/heijbel.wordpress.com\/2008\/08\/26\/botkyrka-i-framkant"},"modified":"2008-08-26T08:43:05","modified_gmt":"2008-08-26T07:43:05","slug":"botkyrka-i-framkant","status":"publish","type":"post","link":"https:\/\/storytellers.se\/?p=1936","title":{"rendered":"Botkyrka i framkant"},"content":{"rendered":"<p>Botkyrka har l\u00e4nge varit en fram\u00e5t och r\u00e4tt kaxig kommun. Man v\u00e4ntar inte och se hur andra v\u00e4ljer att g\u00f6ra utan g\u00e5r f\u00f6re och v\u00e5gar. Kommunen som i \u00e5rtusenden haft en befolkning med internationella kontakter ser \u00e4ven idag de 100 spr\u00e5ken och olika kulturkompetenserna som en tillg\u00e5ng. I g\u00e5r presenterade jag&#8230;<\/p>\n<p><!--more--><br \/>\n&#8230;en mindre sk\u00f6rd Botkyrkaber\u00e4ttelser f\u00f6r informationschefen Kicki Morsing och en rad informat\u00f6rer fr\u00e5n olika f\u00f6rvaltningar.<br \/>\nBer\u00e4ttelserna har jag samlat genom att tr\u00e4ffa Botkyrkaprofiler, l\u00e4sa p\u00e5, tr\u00e4ffa informat\u00f6rerna tidigare i v\u00e5ras och sammanst\u00e4lla en huvudber\u00e4ttelse och ett halvdussin underber\u00e4ttelser.<br \/>\nDe har nu en rad ber\u00e4ttelser om vad som \u00e4r typiskt Botkyrkaaktigt. De \u00e4r f\u00f6rst\u00e5s valda utifr\u00e5n den <a href=\"http:\/\/botkyrka.siteseeker.se\/?q=varum%E4rke&amp;x=Hitta%21&amp;i=sv&amp;s=1&amp;so=1&amp;ua=94d0687e3a6defac12c436d6a6a31d60&amp;charset=ISO-8859-1&amp;oenc=ISO-8859-1&amp;origin=&amp;f=0&amp;ff=1&amp;l=0&amp;ll=5\"><strong><em>kommunikationsstrategi<\/em><\/strong><\/a> som Botkyrka har tagit fram och ska nu s\u00e4ttas i arbete f\u00f6r att kommunen ska synlig och n\u00e5 framg\u00e5ng.<br \/>\nMitt engagemang i Botkyrka b\u00f6rjade n\u00e4r socialchefen f\u00f6r flera \u00e5r sedan f\u00f6rstod att hennes f\u00f6rvaltning kunde ha nytta av socialstories f\u00f6r att visa nyttan med socialtj\u00e4nstens verksamhet uttryckt i storyformat. D\u00e4r engagerade sig ett 20-tal socialproffs f\u00f6r att ge sina bilder av h\u00e4ndelser som speglar socialt arbete i Botkyrka.<\/p>\n","protected":false},"excerpt":{"rendered":"<p>Botkyrka har l\u00e4nge varit en fram\u00e5t och r\u00e4tt kaxig kommun. Man v\u00e4ntar inte och se hur andra v\u00e4ljer att g\u00f6ra utan g\u00e5r f\u00f6re och v\u00e5gar. Kommunen som i \u00e5rtusenden haft en befolkning med internationella kontakter ser \u00e4ven idag de 100 spr\u00e5ken och olika kulturkompetenserna som en tillg\u00e5ng. I g\u00e5r presenterade jag&#8230;<\/p>\n","protected":false},"author":2,"featured_media":0,"comment_status":"open","ping_status":"closed","sticky":false,"template":"","format":"standard","meta":[],"categories":[4],"tags":[],"_links":{"self":[{"href":"https:\/\/storytellers.se\/index.php?rest_route=\/wp\/v2\/posts\/1936"}],"collection":[{"href":"https:\/\/storytellers.se\/index.php?rest_route=\/wp\/v2\/posts"}],"about":[{"href":"https:\/\/storytellers.se\/index.php?rest_route=\/wp\/v2\/types\/post"}],"author":[{"embeddable":true,"href":"https:\/\/storytellers.se\/index.php?rest_route=\/wp\/v2\/users\/2"}],"replies":[{"embeddable":true,"href":"https:\/\/storytellers.se\/index.php?rest_route=%2Fwp%2Fv2%2Fcomments&post=1936"}],"version-history":[{"count":0,"href":"https:\/\/storytellers.se\/index.php?rest_route=\/wp\/v2\/posts\/1936\/revisions"}],"wp:attachment":[{"href":"https:\/\/storytellers.se\/index.php?rest_route=%2Fwp%2Fv2%2Fmedia&parent=1936"}],"wp:term":[{"taxonomy":"category","embeddable":true,"href":"https:\/\/storytellers.se\/index.php?rest_route=%2Fwp%2Fv2%2Fcategories&post=1936"},{"taxonomy":"post_tag","embeddable":true,"href":"https:\/\/storytellers.se\/index.php?rest_route=%2Fwp%2Fv2%2Ftags&post=1936"}],"curies":[{"name":"wp","href":"https:\/\/api.w.org\/{rel}","templated":true}]}}