{"id":1930,"date":"2008-08-22T15:13:36","date_gmt":"2008-08-22T14:13:36","guid":{"rendered":"http:\/\/heijbel.wordpress.com\/2008\/08\/22\/storyn-flerdubblar-priset"},"modified":"2008-08-22T15:13:36","modified_gmt":"2008-08-22T14:13:36","slug":"storyn-flerdubblar-priset","status":"publish","type":"post","link":"https:\/\/storytellers.se\/?p=1930","title":{"rendered":"Storyn flerdubblar priset"},"content":{"rendered":"<p><strong>Picasso<\/strong> hade den. Och <strong>Hemingway<\/strong>. Och kanske du och jag. Anteckningsboken fr\u00e5n Moleskine, den svarta med sidminnessn\u00f6re och res\u00e5rband f\u00f6r att h\u00e5lla ihop den i v\u00e4skan eller fickan. Den \u00e4r dyrare \u00e4n andra kalendrar och anteckningsb\u00f6cker. Detta f\u00f6r att de laddat den med ber\u00e4ttelser. Detta framg\u00e5ngsrika <a href=\"http:\/\/www.moleskinestories.com\/pages\/prj.aspx?lang=en-US&amp;code=001\"><strong><em>ber\u00e4ttande<\/em><\/strong><\/a> laddar varum\u00e4rket. De som satt ig\u00e5ng nytillverkningen k\u00f6r h\u00e5rt med storytelling i varum\u00e4rkesbyggandet<br \/>\nS\u00e5 h\u00e4r uttrycker varum\u00e4rkesansvariga <strong>Maria Sebregondi<\/strong> det p\u00e5 Moleskine till&#8230;<\/p>\n<p><!--more--><br \/>\n<a href=\"http:\/\/www.lovemarks.com\/index.php?pageID=20025&amp;_fr_collectionid=35&amp;_fr_collection1id=142\"><strong><em>Lovemarks<\/em><\/strong><\/a> som skriver om \u00e4lskade varum\u00e4rken:<br \/>\n<em>Moleskine is a notebook that tells a story. Its place in history is as an anonymous keeper of sketches and notes, before they became famous pictures or pages of well-loved books. Moleskine is also a \u2018book yet to be written\u2019 and the notebook\u2019s owner is the person writing it. The Mystery, therefore, is two-fold: in its legend and future destination.<\/em><\/p>\n","protected":false},"excerpt":{"rendered":"<p>Picasso hade den. Och Hemingway. Och kanske du och jag. Anteckningsboken fr\u00e5n Moleskine, den svarta med sidminnessn\u00f6re och res\u00e5rband f\u00f6r att h\u00e5lla ihop den i v\u00e4skan eller fickan. Den \u00e4r dyrare \u00e4n andra kalendrar och anteckningsb\u00f6cker. Detta f\u00f6r att de laddat den med ber\u00e4ttelser. Detta framg\u00e5ngsrika ber\u00e4ttande laddar varum\u00e4rket. De som satt ig\u00e5ng nytillverkningen k\u00f6r&#8230;<\/p>\n","protected":false},"author":2,"featured_media":0,"comment_status":"open","ping_status":"closed","sticky":false,"template":"","format":"standard","meta":[],"categories":[4],"tags":[],"_links":{"self":[{"href":"https:\/\/storytellers.se\/index.php?rest_route=\/wp\/v2\/posts\/1930"}],"collection":[{"href":"https:\/\/storytellers.se\/index.php?rest_route=\/wp\/v2\/posts"}],"about":[{"href":"https:\/\/storytellers.se\/index.php?rest_route=\/wp\/v2\/types\/post"}],"author":[{"embeddable":true,"href":"https:\/\/storytellers.se\/index.php?rest_route=\/wp\/v2\/users\/2"}],"replies":[{"embeddable":true,"href":"https:\/\/storytellers.se\/index.php?rest_route=%2Fwp%2Fv2%2Fcomments&post=1930"}],"version-history":[{"count":0,"href":"https:\/\/storytellers.se\/index.php?rest_route=\/wp\/v2\/posts\/1930\/revisions"}],"wp:attachment":[{"href":"https:\/\/storytellers.se\/index.php?rest_route=%2Fwp%2Fv2%2Fmedia&parent=1930"}],"wp:term":[{"taxonomy":"category","embeddable":true,"href":"https:\/\/storytellers.se\/index.php?rest_route=%2Fwp%2Fv2%2Fcategories&post=1930"},{"taxonomy":"post_tag","embeddable":true,"href":"https:\/\/storytellers.se\/index.php?rest_route=%2Fwp%2Fv2%2Ftags&post=1930"}],"curies":[{"name":"wp","href":"https:\/\/api.w.org\/{rel}","templated":true}]}}