{"id":1928,"date":"2008-08-22T11:16:53","date_gmt":"2008-08-22T10:16:53","guid":{"rendered":"http:\/\/heijbel.wordpress.com\/2008\/08\/22\/cv-javisst-men-glom-inte-storyn"},"modified":"2008-08-22T11:16:53","modified_gmt":"2008-08-22T10:16:53","slug":"cv-javisst-men-glom-inte-storyn","status":"publish","type":"post","link":"https:\/\/storytellers.se\/?p=1928","title":{"rendered":"CV, javisst men gl\u00f6m inte storyn!"},"content":{"rendered":"<p>Rekryteringsexperten <strong>Per Frykman<\/strong> har skrivit en bok om det personliga varum\u00e4rket. Han talar om v\u00e4rdet av annan presentation \u00e4n bara cv:t.<br \/>\n<em>&#8211; Vi borde inte vara s\u00e5 fixerade vid v\u00e5rt cv, det \u00e4r bara historik, s\u00e4ger han till <a href=\"http:\/\/www.dagensmedia.se\/mallar\/dagensmedia_mall.asp?version=182638\"><strong><em>Dagens Media<\/em><\/strong><\/a>. I st\u00e4llet borde vi fokusera mer p\u00e5 att marknadsf\u00f6ra v\u00e5r expertis kombinerat med mjuka faktorer som ambition, passion och livsstil. Med enbart utbildning och erfarenhet p\u00e5 pappret riskerar vi att f\u00f6rsvinna i m\u00e4ngden, s\u00e4ger Per<\/em>.<br \/>\nD\u00e4r h\u00e5ller jag verkligen med. Cv, javisst, men&#8230;<\/p>\n<p><!--more--><br \/>\nvem \u00e4r du egentligen? What\u00b4s your story? Cv:t kan vi ta sen. Det f\u00f6ruts\u00e4tter vi att det finns och att du talar sanning.<br \/>\nJag har vid flera tillf\u00e4llen st\u00f6ttat unga m\u00e4nniskor som s\u00f6ker jobb och jag har bett dem h\u00e5lla koll p\u00e5 sin huvudstory och sina tre b\u00e4sta h\u00e4ndelseber\u00e4ttelser. Flera g\u00e5nger har detta mycket riktigt ocks\u00e5 \u00f6ppnat arbetsmarknden f\u00f6r dem.<br \/>\nMer \u00e4n en g\u00e5ng har jag efter\u00e5t h\u00f6rt deras arbetsgivare konstatera:<br \/>\n&#8211; Jag tog henne \/ honom p\u00e5 den sk\u00f6na storyn. Det gjorde henne \/ honom unik och levande.<\/p>\n","protected":false},"excerpt":{"rendered":"<p>Rekryteringsexperten Per Frykman har skrivit en bok om det personliga varum\u00e4rket. Han talar om v\u00e4rdet av annan presentation \u00e4n bara cv:t. &#8211; Vi borde inte vara s\u00e5 fixerade vid v\u00e5rt cv, det \u00e4r bara historik, s\u00e4ger han till Dagens Media. I st\u00e4llet borde vi fokusera mer p\u00e5 att marknadsf\u00f6ra v\u00e5r expertis kombinerat med mjuka faktorer&#8230;<\/p>\n","protected":false},"author":2,"featured_media":0,"comment_status":"open","ping_status":"closed","sticky":false,"template":"","format":"standard","meta":[],"categories":[2],"tags":[],"_links":{"self":[{"href":"https:\/\/storytellers.se\/index.php?rest_route=\/wp\/v2\/posts\/1928"}],"collection":[{"href":"https:\/\/storytellers.se\/index.php?rest_route=\/wp\/v2\/posts"}],"about":[{"href":"https:\/\/storytellers.se\/index.php?rest_route=\/wp\/v2\/types\/post"}],"author":[{"embeddable":true,"href":"https:\/\/storytellers.se\/index.php?rest_route=\/wp\/v2\/users\/2"}],"replies":[{"embeddable":true,"href":"https:\/\/storytellers.se\/index.php?rest_route=%2Fwp%2Fv2%2Fcomments&post=1928"}],"version-history":[{"count":0,"href":"https:\/\/storytellers.se\/index.php?rest_route=\/wp\/v2\/posts\/1928\/revisions"}],"wp:attachment":[{"href":"https:\/\/storytellers.se\/index.php?rest_route=%2Fwp%2Fv2%2Fmedia&parent=1928"}],"wp:term":[{"taxonomy":"category","embeddable":true,"href":"https:\/\/storytellers.se\/index.php?rest_route=%2Fwp%2Fv2%2Fcategories&post=1928"},{"taxonomy":"post_tag","embeddable":true,"href":"https:\/\/storytellers.se\/index.php?rest_route=%2Fwp%2Fv2%2Ftags&post=1928"}],"curies":[{"name":"wp","href":"https:\/\/api.w.org\/{rel}","templated":true}]}}