{"id":1926,"date":"2008-08-21T15:34:27","date_gmt":"2008-08-21T14:34:27","guid":{"rendered":"http:\/\/heijbel.wordpress.com\/2008\/08\/21\/overnaturliga-vasen"},"modified":"2008-08-21T15:34:27","modified_gmt":"2008-08-21T14:34:27","slug":"overnaturliga-vasen","status":"publish","type":"post","link":"https:\/\/storytellers.se\/?p=1926","title":{"rendered":"\u00d6vernaturliga v\u00e4sen"},"content":{"rendered":"<p><strong>Fr\u00e5ga:<\/strong><br \/>\nSj\u00e4lv \u00e4r jag svag f\u00f6r sp\u00f6khistorier. Finns det f\u00f6retag som v\u00e4ver in \u00f6vernaturliga v\u00e4sen i sina ber\u00e4ttelser? Det \u00e4r ju en trend inom TV och bio.<br \/>\n<strong>Svar:<\/strong><br \/>\nInom turistindustrin, bes\u00f6ksn\u00e4ringen och vid olika slags placebrandingprojekt h\u00e5ller man f\u00f6rst\u00e5s ibland&#8230;<\/p>\n<p><!--more--><br \/>\nocks\u00e5 p\u00e5 med \u00f6vernaturligheter.<br \/>\nJag har ocks\u00e5 st\u00f6tt p\u00e5 det i mejeribranschen, mejerier har ju olika typer av v\u00e4sen i sina lokaler, enligt vad de ber\u00e4ttar. Jag h\u00f6rde n\u00e5gon tala om sp\u00f6ken p\u00e5 Volvo Torslanda. Visst kan det vara sp\u00e4nnande om man har klart f\u00f6r sig vilket v\u00e4rde de har och vad de i s\u00e5 fall kan tillf\u00f6ra.<br \/>\nJust nu kan jag annars inte minnas att jag arbetat med mystiska v\u00e4sen i mitt arbete med Corporate Storytelling.<br \/>\nMen i grunden tycker jag f\u00f6rst\u00e5s man ska vara f\u00f6rsiktig. H\u00e5ll en r\u00e5g\u00e5ng mellan sagan och verkligheten. Omvandla inte f\u00f6retaget till en n\u00f6jes- eller upplevelsearena om det inte \u00e4r en <em>del av sj\u00e4lva produkten<\/em> f\u00f6rst\u00e5s ( n\u00f6jesf\u00e4lt, gammal herrg\u00e5rd, speciellt hotell, vildmarksturism, Stockholmsskr\u00f6nor etc ).<br \/>\nDet b\u00e4rande i de perspektiv som jag representerar \u00e4r att verkligheten inte bara duger, den vinner. Det finns sp\u00e4nnande ber\u00e4ttelser utan att vi beh\u00f6ver hitta p\u00e5 sagor eller n\u00e4rma oss det s\u00e5 kallat \u00f6vernaturliga.<br \/>\nDet \u00e4r det som \u00e4r sj\u00e4lva grejen.<br \/>\nN\u00e4r det inte g\u00e4ller f\u00f6retag och organisationer tycker jag f\u00f6r \u00f6vrigt ocks\u00e5 mycket om sp\u00f6khistorier och ber\u00e4ttelser om \u00f6vernaturliga v\u00e4sen. Liksom om spridda Klintbergare och s\u00e5 kallade Urban Legends. Men d\u00e5 \u00e4r vi inom skr\u00f6nor och inom underh\u00e5llningproduktionen i ber\u00e4ttarr\u00f6relsen och i kulturarbetarber\u00e4ttandet.<br \/>\nDet \u00e4r f\u00f6rst\u00e5s en helt annan historia.<\/p>\n","protected":false},"excerpt":{"rendered":"<p>Fr\u00e5ga: Sj\u00e4lv \u00e4r jag svag f\u00f6r sp\u00f6khistorier. Finns det f\u00f6retag som v\u00e4ver in \u00f6vernaturliga v\u00e4sen i sina ber\u00e4ttelser? Det \u00e4r ju en trend inom TV och bio. Svar: Inom turistindustrin, bes\u00f6ksn\u00e4ringen och vid olika slags placebrandingprojekt h\u00e5ller man f\u00f6rst\u00e5s ibland&#8230;<\/p>\n","protected":false},"author":2,"featured_media":0,"comment_status":"open","ping_status":"closed","sticky":false,"template":"","format":"standard","meta":[],"categories":[6],"tags":[],"_links":{"self":[{"href":"https:\/\/storytellers.se\/index.php?rest_route=\/wp\/v2\/posts\/1926"}],"collection":[{"href":"https:\/\/storytellers.se\/index.php?rest_route=\/wp\/v2\/posts"}],"about":[{"href":"https:\/\/storytellers.se\/index.php?rest_route=\/wp\/v2\/types\/post"}],"author":[{"embeddable":true,"href":"https:\/\/storytellers.se\/index.php?rest_route=\/wp\/v2\/users\/2"}],"replies":[{"embeddable":true,"href":"https:\/\/storytellers.se\/index.php?rest_route=%2Fwp%2Fv2%2Fcomments&post=1926"}],"version-history":[{"count":0,"href":"https:\/\/storytellers.se\/index.php?rest_route=\/wp\/v2\/posts\/1926\/revisions"}],"wp:attachment":[{"href":"https:\/\/storytellers.se\/index.php?rest_route=%2Fwp%2Fv2%2Fmedia&parent=1926"}],"wp:term":[{"taxonomy":"category","embeddable":true,"href":"https:\/\/storytellers.se\/index.php?rest_route=%2Fwp%2Fv2%2Fcategories&post=1926"},{"taxonomy":"post_tag","embeddable":true,"href":"https:\/\/storytellers.se\/index.php?rest_route=%2Fwp%2Fv2%2Ftags&post=1926"}],"curies":[{"name":"wp","href":"https:\/\/api.w.org\/{rel}","templated":true}]}}