{"id":1924,"date":"2008-08-20T10:26:37","date_gmt":"2008-08-20T09:26:37","guid":{"rendered":"http:\/\/heijbel.wordpress.com\/2008\/08\/20\/seminariefrukost-med-solberg"},"modified":"2008-08-20T10:26:37","modified_gmt":"2008-08-20T09:26:37","slug":"seminariefrukost-med-solberg","status":"publish","type":"post","link":"https:\/\/storytellers.se\/?p=1924","title":{"rendered":"Seminariefrukost med Solberg"},"content":{"rendered":"<p>I Westmanska Palatset mitt i Stockholms medverkar jag onsdagen den 3 september i en <a href=\"http:\/\/www.solberg.se\/sv\/Nyheter\/Varumarket-202\/\"><strong><em>seminariefrukost<\/em><\/strong><\/a>. Det \u00e4r kommunikationsf\u00f6retaget Solberg som bjuder in. F\u00f6rutom mitt inslag talar ocks\u00e5 <strong>Susanne Spicar<\/strong> fr\u00e5n just Solberg. Susanne kommer bland annat att&#8230;<\/p>\n<p><!--more--><br \/>\n&#8230;tala om hur vi alla, som kulturvarelser, lyssnar p\u00e5 och litar p\u00e5 rekommendationer fr\u00e5n dem vi k\u00e4nner och har f\u00f6rtroende f\u00f6r.<br \/>\nMen hur g\u00e5r egentligen snacket om just ditt f\u00f6retag eller din organisation, blir den retoriska fr\u00e5gan fr\u00e5n Susanne, som bland annat coachar chefer som vill arbeta v\u00e4rderingsstyrt.<br \/>\nJag, f\u00f6r min del, kommer att ge en rad storyexempel p\u00e5 hur f\u00f6retag f\u00f6rs\u00f6kt p\u00e5verka snacket genom att s\u00f6ka, sk\u00f6rda och anv\u00e4nda ber\u00e4ttelser fr\u00e5n verkligheten.<br \/>\nJag talar om hur man anv\u00e4nder ber\u00e4ttelser b\u00e5de i intern kulturcoachning, ledarskap, marknadsf\u00f6ring och f\u00f6r att i god employer-branding-anda bygga ett starkt arbetsgivarvarum\u00e4rke.<br \/>\nEn synlig arbetsgivare har stor nytta av storytellingteknik f\u00f6r att n\u00e5 fram till de mest passande rekryteringarna i den stora generationsv\u00e4xling som svensk arbetsmarknad st\u00e5r inf\u00f6r.<br \/>\nSolberg arbetar med bl a med \u00e5rsredovisningar, varum\u00e4rkesfr\u00e5gor och h\u00e5llbarhetsredovisningar. Det \u00e4r min uppfattning att \u00e4ven i de redovisningarna kan storydramaturgin vara ett v\u00e4rdefullt instrument.<br \/>\n<a href=\"http:\/\/www.solberg.se\"><strong><em>Solberg<\/em><\/strong><\/a>, med huvudkontor i G\u00f6teborg, firar i \u00e5r 40-\u00e5rsjubileum. Man har 45 konsulter och ett 50-tal f\u00f6retag och organisationer som kunder.<br \/>\nSeminariet b\u00f6rjar med frukost 07.30 och h\u00e5ller p\u00e5 till 09.30. Det kostar 300 sek och du kan anm\u00e4la dig hos <a href=\"mailto:mia.bernhardsson@solberg.se\">mia.bernhardsson@solberg.se<\/a> skriv g\u00e4rna att du fick tipset p\u00e5 storytellers.se om det nu var p\u00e5 det viset.<\/p>\n","protected":false},"excerpt":{"rendered":"<p>I Westmanska Palatset mitt i Stockholms medverkar jag onsdagen den 3 september i en seminariefrukost. Det \u00e4r kommunikationsf\u00f6retaget Solberg som bjuder in. F\u00f6rutom mitt inslag talar ocks\u00e5 Susanne Spicar fr\u00e5n just Solberg. Susanne kommer bland annat att&#8230;<\/p>\n","protected":false},"author":2,"featured_media":0,"comment_status":"open","ping_status":"closed","sticky":false,"template":"","format":"standard","meta":[],"categories":[9],"tags":[],"_links":{"self":[{"href":"https:\/\/storytellers.se\/index.php?rest_route=\/wp\/v2\/posts\/1924"}],"collection":[{"href":"https:\/\/storytellers.se\/index.php?rest_route=\/wp\/v2\/posts"}],"about":[{"href":"https:\/\/storytellers.se\/index.php?rest_route=\/wp\/v2\/types\/post"}],"author":[{"embeddable":true,"href":"https:\/\/storytellers.se\/index.php?rest_route=\/wp\/v2\/users\/2"}],"replies":[{"embeddable":true,"href":"https:\/\/storytellers.se\/index.php?rest_route=%2Fwp%2Fv2%2Fcomments&post=1924"}],"version-history":[{"count":0,"href":"https:\/\/storytellers.se\/index.php?rest_route=\/wp\/v2\/posts\/1924\/revisions"}],"wp:attachment":[{"href":"https:\/\/storytellers.se\/index.php?rest_route=%2Fwp%2Fv2%2Fmedia&parent=1924"}],"wp:term":[{"taxonomy":"category","embeddable":true,"href":"https:\/\/storytellers.se\/index.php?rest_route=%2Fwp%2Fv2%2Fcategories&post=1924"},{"taxonomy":"post_tag","embeddable":true,"href":"https:\/\/storytellers.se\/index.php?rest_route=%2Fwp%2Fv2%2Ftags&post=1924"}],"curies":[{"name":"wp","href":"https:\/\/api.w.org\/{rel}","templated":true}]}}