{"id":1922,"date":"2008-08-19T12:25:47","date_gmt":"2008-08-19T11:25:47","guid":{"rendered":"http:\/\/heijbel.wordpress.com\/2008\/08\/19\/ikea-ar-bast"},"modified":"2008-08-19T12:25:47","modified_gmt":"2008-08-19T11:25:47","slug":"ikea-ar-bast","status":"publish","type":"post","link":"https:\/\/storytellers.se\/?p=1922","title":{"rendered":"Ikea \u00e4r b\u00e4st"},"content":{"rendered":"<p>Ikea \u00e4r b\u00e4st p\u00e5 extern kommunikation om journalisterna <a href=\"http:\/\/www.dagensps.se\/article.aspx?articleID=43196&amp;categID=263\"><strong><em>f\u00e5r s\u00e4ga sitt<\/em><\/strong><\/a>. Det f\u00f6rv\u00e5nar mig inte. Ikea har kontakt med sitt kulturkapital och med sina v\u00e4rderingar och kommunicerar dessa i form av starka ber\u00e4ttelser. Det skapar vinnare.<br \/>\n&#8211; Det som \u00e4r viktigt f\u00f6r oss \u00e4r att vara \u00f6ppna och raka, s\u00e4ger <strong>Ivana Hrdlickova<\/strong>, informationschef p\u00e5 Ikea, till Dagens Media. Vi g\u00f6mmer inte undan fakta utan l\u00e4gger allt p\u00e5 bordet. \u00d6ppenhet \u00e4r ett ledord i v\u00e5rt informationsarbete.<\/p>\n","protected":false},"excerpt":{"rendered":"<p>Ikea \u00e4r b\u00e4st p\u00e5 extern kommunikation om journalisterna f\u00e5r s\u00e4ga sitt. Det f\u00f6rv\u00e5nar mig inte. Ikea har kontakt med sitt kulturkapital och med sina v\u00e4rderingar och kommunicerar dessa i form av starka ber\u00e4ttelser. Det skapar vinnare. &#8211; Det som \u00e4r viktigt f\u00f6r oss \u00e4r att vara \u00f6ppna och raka, s\u00e4ger Ivana Hrdlickova, informationschef p\u00e5 Ikea,&#8230;<\/p>\n","protected":false},"author":2,"featured_media":0,"comment_status":"open","ping_status":"closed","sticky":false,"template":"","format":"standard","meta":[],"categories":[2],"tags":[],"_links":{"self":[{"href":"https:\/\/storytellers.se\/index.php?rest_route=\/wp\/v2\/posts\/1922"}],"collection":[{"href":"https:\/\/storytellers.se\/index.php?rest_route=\/wp\/v2\/posts"}],"about":[{"href":"https:\/\/storytellers.se\/index.php?rest_route=\/wp\/v2\/types\/post"}],"author":[{"embeddable":true,"href":"https:\/\/storytellers.se\/index.php?rest_route=\/wp\/v2\/users\/2"}],"replies":[{"embeddable":true,"href":"https:\/\/storytellers.se\/index.php?rest_route=%2Fwp%2Fv2%2Fcomments&post=1922"}],"version-history":[{"count":0,"href":"https:\/\/storytellers.se\/index.php?rest_route=\/wp\/v2\/posts\/1922\/revisions"}],"wp:attachment":[{"href":"https:\/\/storytellers.se\/index.php?rest_route=%2Fwp%2Fv2%2Fmedia&parent=1922"}],"wp:term":[{"taxonomy":"category","embeddable":true,"href":"https:\/\/storytellers.se\/index.php?rest_route=%2Fwp%2Fv2%2Fcategories&post=1922"},{"taxonomy":"post_tag","embeddable":true,"href":"https:\/\/storytellers.se\/index.php?rest_route=%2Fwp%2Fv2%2Ftags&post=1922"}],"curies":[{"name":"wp","href":"https:\/\/api.w.org\/{rel}","templated":true}]}}