{"id":1920,"date":"2008-08-18T13:13:10","date_gmt":"2008-08-18T12:13:10","guid":{"rendered":"http:\/\/heijbel.wordpress.com\/2008\/08\/18\/marknadsforeningen-i-helsingborg"},"modified":"2008-08-18T13:13:10","modified_gmt":"2008-08-18T12:13:10","slug":"marknadsforeningen-i-helsingborg","status":"publish","type":"post","link":"https:\/\/storytellers.se\/?p=1920","title":{"rendered":"Marknadsf\u00f6reningen i Helsingborg"},"content":{"rendered":"<p>Den 12 september \u00e4r jag inbjuden till Marknadsf\u00f6reningen i Helsingborg. Jag h\u00e5ller ett <a href=\"http:\/\/www.mih.m.se\/module.asp?page=detail&amp;XModuleId=5396&amp;ProgramId=732\"><strong><em>frukostseminarium<\/em><\/strong><\/a> p\u00e5 Dunkers Kulturhus om Storytelling i och om organisationer. Veckorna innan kommer <strong>Thomas di Leva<\/strong> och <strong>Amelia Adamo<\/strong> till de uppskattade frukostseminarierna p\u00e5 Dunkers.<\/p>\n","protected":false},"excerpt":{"rendered":"<p>Den 12 september \u00e4r jag inbjuden till Marknadsf\u00f6reningen i Helsingborg. Jag h\u00e5ller ett frukostseminarium p\u00e5 Dunkers Kulturhus om Storytelling i och om organisationer. Veckorna innan kommer Thomas di Leva och Amelia Adamo till de uppskattade frukostseminarierna p\u00e5 Dunkers.<\/p>\n","protected":false},"author":2,"featured_media":0,"comment_status":"open","ping_status":"closed","sticky":false,"template":"","format":"standard","meta":[],"categories":[9],"tags":[],"_links":{"self":[{"href":"https:\/\/storytellers.se\/index.php?rest_route=\/wp\/v2\/posts\/1920"}],"collection":[{"href":"https:\/\/storytellers.se\/index.php?rest_route=\/wp\/v2\/posts"}],"about":[{"href":"https:\/\/storytellers.se\/index.php?rest_route=\/wp\/v2\/types\/post"}],"author":[{"embeddable":true,"href":"https:\/\/storytellers.se\/index.php?rest_route=\/wp\/v2\/users\/2"}],"replies":[{"embeddable":true,"href":"https:\/\/storytellers.se\/index.php?rest_route=%2Fwp%2Fv2%2Fcomments&post=1920"}],"version-history":[{"count":0,"href":"https:\/\/storytellers.se\/index.php?rest_route=\/wp\/v2\/posts\/1920\/revisions"}],"wp:attachment":[{"href":"https:\/\/storytellers.se\/index.php?rest_route=%2Fwp%2Fv2%2Fmedia&parent=1920"}],"wp:term":[{"taxonomy":"category","embeddable":true,"href":"https:\/\/storytellers.se\/index.php?rest_route=%2Fwp%2Fv2%2Fcategories&post=1920"},{"taxonomy":"post_tag","embeddable":true,"href":"https:\/\/storytellers.se\/index.php?rest_route=%2Fwp%2Fv2%2Ftags&post=1920"}],"curies":[{"name":"wp","href":"https:\/\/api.w.org\/{rel}","templated":true}]}}