{"id":1904,"date":"2008-08-06T13:22:34","date_gmt":"2008-08-06T12:22:34","guid":{"rendered":"http:\/\/heijbel.wordpress.com\/2008\/08\/06\/radio-dalarna"},"modified":"2008-08-06T13:22:34","modified_gmt":"2008-08-06T12:22:34","slug":"radio-dalarna","status":"publish","type":"post","link":"https:\/\/storytellers.se\/?p=1904","title":{"rendered":"Radio Dalarna"},"content":{"rendered":"<p>Konstn\u00e4ren Maria Backman och jag har ett p\u00e5g\u00e5ende projekt i Dalarna. Vi samlar samtidsber\u00e4ttelser fr\u00e5n f\u00f6retag och organisationer och fr\u00e5n bygder, en slags organisationsstorytelling. De ska efter sk\u00f6rden gestalatas av Maria Backman, \u00e4r det t\u00e4nkt. Arbetsliv och konst sida vid sida f\u00f6r att stimulera regional utveckling. Maria intervjuades i dag av Radio dalarna. H\u00e4r, <strong>7,38 minuter<\/strong> in i programmet, finns <a href=\"http:\/\/www.sr.se\/webbradio\/?type=broadcast&amp;Id=1289013&amp;BroadcastDate=&amp;IsBlock=0\"><strong><em>intervjun<\/em><\/strong><\/a> med Maria Backman aprop\u00e5 organisationsstorytelling i Dalarna ligger kvar till den 6 september.<\/p>\n","protected":false},"excerpt":{"rendered":"<p>Konstn\u00e4ren Maria Backman och jag har ett p\u00e5g\u00e5ende projekt i Dalarna. Vi samlar samtidsber\u00e4ttelser fr\u00e5n f\u00f6retag och organisationer och fr\u00e5n bygder, en slags organisationsstorytelling. De ska efter sk\u00f6rden gestalatas av Maria Backman, \u00e4r det t\u00e4nkt. Arbetsliv och konst sida vid sida f\u00f6r att stimulera regional utveckling. Maria intervjuades i dag av Radio dalarna. H\u00e4r, 7,38&#8230;<\/p>\n","protected":false},"author":2,"featured_media":0,"comment_status":"open","ping_status":"closed","sticky":false,"template":"","format":"standard","meta":[],"categories":[3],"tags":[],"_links":{"self":[{"href":"https:\/\/storytellers.se\/index.php?rest_route=\/wp\/v2\/posts\/1904"}],"collection":[{"href":"https:\/\/storytellers.se\/index.php?rest_route=\/wp\/v2\/posts"}],"about":[{"href":"https:\/\/storytellers.se\/index.php?rest_route=\/wp\/v2\/types\/post"}],"author":[{"embeddable":true,"href":"https:\/\/storytellers.se\/index.php?rest_route=\/wp\/v2\/users\/2"}],"replies":[{"embeddable":true,"href":"https:\/\/storytellers.se\/index.php?rest_route=%2Fwp%2Fv2%2Fcomments&post=1904"}],"version-history":[{"count":0,"href":"https:\/\/storytellers.se\/index.php?rest_route=\/wp\/v2\/posts\/1904\/revisions"}],"wp:attachment":[{"href":"https:\/\/storytellers.se\/index.php?rest_route=%2Fwp%2Fv2%2Fmedia&parent=1904"}],"wp:term":[{"taxonomy":"category","embeddable":true,"href":"https:\/\/storytellers.se\/index.php?rest_route=%2Fwp%2Fv2%2Fcategories&post=1904"},{"taxonomy":"post_tag","embeddable":true,"href":"https:\/\/storytellers.se\/index.php?rest_route=%2Fwp%2Fv2%2Ftags&post=1904"}],"curies":[{"name":"wp","href":"https:\/\/api.w.org\/{rel}","templated":true}]}}