{"id":1900,"date":"2008-08-04T19:12:50","date_gmt":"2008-08-04T18:12:50","guid":{"rendered":"http:\/\/heijbel.wordpress.com\/2008\/08\/04\/kan-man-ta-storytelling-forst"},"modified":"2008-08-04T19:12:50","modified_gmt":"2008-08-04T18:12:50","slug":"kan-man-ta-storytelling-forst","status":"publish","type":"post","link":"https:\/\/storytellers.se\/?p=1900","title":{"rendered":"Kan man ta storytelling f\u00f6rst?"},"content":{"rendered":"<p><strong>Fr\u00e5ga:<\/strong><br \/>\nKan man inleda sitt varum\u00e4rkes- och v\u00e4rderingsarbete med Organisationsstorytelling eller m\u00e5ste man ha v\u00e4rdeord och plattform klar innan man b\u00f6rjar sk\u00f6rda ber\u00e4ttelser?<br \/>\n<strong>Svar:<\/strong><br \/>\nVisst kan man b\u00f6rja i ber\u00e4ttelserna f\u00f6r att f\u00e5 syn p\u00e5 organisationens verkliga v\u00e4rderingar och v\u00e4rdegrund. Oftast blir jag inropad n\u00e4r organisationen redan gjort sin teoriplattform med \u00f6nskade v\u00e4rdeord som man vill bli&#8230;<\/p>\n<p><!--more--><br \/>\n&#8230;associerad med. Det \u00e4r okej. Men ibland, allt oftare faktiskt, f\u00e5r jag fr\u00e5gan om vi kan b\u00f6rja i ber\u00e4ttelserna och utifr\u00e5n den verklighet som medarbetare och kunder vill dela med sig av.<br \/>\nJag tror mycket p\u00e5 denna turordning: <em>F\u00f6rst storysk\u00f6rd, sen v\u00e4rdegrund<\/em>.<br \/>\nD\u00e5 har man ju involverat traditionsb\u00e4rarna fr\u00e5n b\u00f6rjan och slipper g\u00e5 igenom en s\u00e5 kallad implementeringsprocess som i v\u00e4rsta fall kan avf\u00e4rdas med ord som: Jaha vad har de hittat p\u00e5 att vi nu ska tycka, t\u00e4nka och s\u00e4ga?<br \/>\nDetta eventuella motst\u00e5nd uppst\u00e5r inte alls i samma grad om man v\u00e4nder p\u00e5 steken och involverar fr\u00e5n b\u00f6rjan. B\u00f6rja allts\u00e5 g\u00e4rna strategiskt i de egna medarbetar- och kundber\u00e4ttelserna, v\u00e4lj sen bland dem och ge dem v\u00e4rdeord i efterhand f\u00f6r att bygga varum\u00e4rke och ge organisationen riktning och legitimitet.<\/p>\n","protected":false},"excerpt":{"rendered":"<p>Fr\u00e5ga: Kan man inleda sitt varum\u00e4rkes- och v\u00e4rderingsarbete med Organisationsstorytelling eller m\u00e5ste man ha v\u00e4rdeord och plattform klar innan man b\u00f6rjar sk\u00f6rda ber\u00e4ttelser? Svar: Visst kan man b\u00f6rja i ber\u00e4ttelserna f\u00f6r att f\u00e5 syn p\u00e5 organisationens verkliga v\u00e4rderingar och v\u00e4rdegrund. Oftast blir jag inropad n\u00e4r organisationen redan gjort sin teoriplattform med \u00f6nskade v\u00e4rdeord som man&#8230;<\/p>\n","protected":false},"author":2,"featured_media":0,"comment_status":"open","ping_status":"closed","sticky":false,"template":"","format":"standard","meta":[],"categories":[6],"tags":[],"_links":{"self":[{"href":"https:\/\/storytellers.se\/index.php?rest_route=\/wp\/v2\/posts\/1900"}],"collection":[{"href":"https:\/\/storytellers.se\/index.php?rest_route=\/wp\/v2\/posts"}],"about":[{"href":"https:\/\/storytellers.se\/index.php?rest_route=\/wp\/v2\/types\/post"}],"author":[{"embeddable":true,"href":"https:\/\/storytellers.se\/index.php?rest_route=\/wp\/v2\/users\/2"}],"replies":[{"embeddable":true,"href":"https:\/\/storytellers.se\/index.php?rest_route=%2Fwp%2Fv2%2Fcomments&post=1900"}],"version-history":[{"count":0,"href":"https:\/\/storytellers.se\/index.php?rest_route=\/wp\/v2\/posts\/1900\/revisions"}],"wp:attachment":[{"href":"https:\/\/storytellers.se\/index.php?rest_route=%2Fwp%2Fv2%2Fmedia&parent=1900"}],"wp:term":[{"taxonomy":"category","embeddable":true,"href":"https:\/\/storytellers.se\/index.php?rest_route=%2Fwp%2Fv2%2Fcategories&post=1900"},{"taxonomy":"post_tag","embeddable":true,"href":"https:\/\/storytellers.se\/index.php?rest_route=%2Fwp%2Fv2%2Ftags&post=1900"}],"curies":[{"name":"wp","href":"https:\/\/api.w.org\/{rel}","templated":true}]}}