{"id":1886,"date":"2008-07-20T14:25:22","date_gmt":"2008-07-20T13:25:22","guid":{"rendered":"http:\/\/heijbel.wordpress.com\/2008\/07\/20\/forsta-hm-butiken-oppnade-1947"},"modified":"2008-07-20T14:25:22","modified_gmt":"2008-07-20T13:25:22","slug":"forsta-hm-butiken-oppnade-1947","status":"publish","type":"post","link":"https:\/\/storytellers.se\/?p=1886","title":{"rendered":"F\u00f6rsta H&amp;M-butiken \u00f6ppnade 1947"},"content":{"rendered":"<p>Det \u00e4r nu drygt 60 \u00e5r sedan den f\u00f6rsta Hennes &amp; Mauritzbutiken \u00f6ppnade. Det var i V\u00e4ster\u00e5s, <strong>Erling Persson<\/strong> var VD och nu st\u00e5r hans sonson <strong>Karl-Johan Persson<\/strong> snart redo att ta \u00f6ver ledningen, enligt tidningen Expressen.<\/p>\n<p><!--more--><br \/>\nDet finns m\u00e5nga sp\u00e4nnande ber\u00e4ttelser om H&amp;M-imperiet som gjort familjen till en av de rikare i v\u00e4rlden. Hur t\u00e4nkte de? Vilka avg\u00f6rande tillf\u00e4llen ledde till det som nu \u00e4r? Vilka ber\u00e4ttelser hoppas de kunna ber\u00e4tta om tio \u00e5r?<br \/>\nKanske n\u00e5got av detta kommer att ber\u00e4ttas i storyduschen i Sickla om H&amp;M vill presentera litet av sitt kulturkapital d\u00e4r. N\u00e5gra H&amp;M-stories. Duschen sitter faktiskt i gallerian alldeles intill H&amp;M-butiken.<br \/>\nStoryduschen som jag varit med att ta fram i Sickla <em>placebrandar<\/em> nu denna plats p\u00e5 jorden. Sen hoppas jag att aff\u00e4rsidkarna vill komma med och ber\u00e4tta om sina f\u00f6retagsber\u00e4ttelser.<br \/>\nMed nuvarande lyssnande har storyduschen i Sickla n\u00e4rmare 10.000 storyknappstryckare per m\u00e5nad. Ett sp\u00e4nnande s\u00e4tt att sprida ber\u00e4ttelser och p\u00e5verka snacket.<\/p>\n","protected":false},"excerpt":{"rendered":"<p>Det \u00e4r nu drygt 60 \u00e5r sedan den f\u00f6rsta Hennes &amp; Mauritzbutiken \u00f6ppnade. Det var i V\u00e4ster\u00e5s, Erling Persson var VD och nu st\u00e5r hans sonson Karl-Johan Persson snart redo att ta \u00f6ver ledningen, enligt tidningen Expressen.<\/p>\n","protected":false},"author":2,"featured_media":0,"comment_status":"open","ping_status":"closed","sticky":false,"template":"","format":"standard","meta":[],"categories":[2],"tags":[],"_links":{"self":[{"href":"https:\/\/storytellers.se\/index.php?rest_route=\/wp\/v2\/posts\/1886"}],"collection":[{"href":"https:\/\/storytellers.se\/index.php?rest_route=\/wp\/v2\/posts"}],"about":[{"href":"https:\/\/storytellers.se\/index.php?rest_route=\/wp\/v2\/types\/post"}],"author":[{"embeddable":true,"href":"https:\/\/storytellers.se\/index.php?rest_route=\/wp\/v2\/users\/2"}],"replies":[{"embeddable":true,"href":"https:\/\/storytellers.se\/index.php?rest_route=%2Fwp%2Fv2%2Fcomments&post=1886"}],"version-history":[{"count":0,"href":"https:\/\/storytellers.se\/index.php?rest_route=\/wp\/v2\/posts\/1886\/revisions"}],"wp:attachment":[{"href":"https:\/\/storytellers.se\/index.php?rest_route=%2Fwp%2Fv2%2Fmedia&parent=1886"}],"wp:term":[{"taxonomy":"category","embeddable":true,"href":"https:\/\/storytellers.se\/index.php?rest_route=%2Fwp%2Fv2%2Fcategories&post=1886"},{"taxonomy":"post_tag","embeddable":true,"href":"https:\/\/storytellers.se\/index.php?rest_route=%2Fwp%2Fv2%2Ftags&post=1886"}],"curies":[{"name":"wp","href":"https:\/\/api.w.org\/{rel}","templated":true}]}}