{"id":1884,"date":"2008-07-18T16:05:20","date_gmt":"2008-07-18T15:05:20","guid":{"rendered":"http:\/\/heijbel.wordpress.com\/2008\/07\/18\/nyhetsbrev-35-emotionell-kommunikation"},"modified":"2008-07-18T16:05:20","modified_gmt":"2008-07-18T15:05:20","slug":"nyhetsbrev-35-emotionell-kommunikation","status":"publish","type":"post","link":"https:\/\/storytellers.se\/?p=1884","title":{"rendered":"Nyhetsbrev 35: Emotionell kommunikation"},"content":{"rendered":"<p>I dag har <strong>Nyhetsbrev 35<\/strong> skickats till n\u00e4rmare 2000 prenumeranter. Vill du ocks\u00e5 bli prenumerant s\u00e5 g\u00e5r att kontakta mig p\u00e5 <a href=\"mailto:nyhetsbrev@storytellers.se\">nyhetsbrev@storytellers.se<\/a> eller skriva in dig sj\u00e4lv h\u00e4r en bit ned till h\u00f6ger. Det 35e brevet finns om du klickar p\u00e5 l\u00e4nken h\u00e4r under:<\/p>\n<p><!--more--><br \/>\n<strong>Hej Storytellerv\u00e4n<\/strong><br \/>\nH\u00e4r kommer nyhetsbrev 35, mitt i sommaren. Jag har som ambition att storytellers.se ska vara den sj\u00e4lvklara svenska m\u00f6tesplatsen f\u00f6r dem som intresserar sig f\u00f6r storytelling i och om organisationer.<br \/>\nNyhetsbrevet, som kommer en g\u00e5ng i m\u00e5naden, \u00e4r en del av denna ambition. H\u00e4r tar jag upp vad som skett inom organisationsber\u00e4ttandet den senaste m\u00e5naden. Det som st\u00e5r h\u00e4r behandlas i regel djupare inne p\u00e5 http:\/\/storytellers.se<br \/>\n+++++++++++++++++++++++++++++++++++++++++++++++++<br \/>\nKommuner, stora som sm\u00e5, arbetar allt mer med varum\u00e4rken och v\u00e4rdegrund. D\u00e4r har storytelling en given plats. Jag har f\u00f6r n\u00e4rvarande uppdrag fr\u00e5n exempelvis <strong>Botkyrka<\/strong>, <strong>Flen<\/strong> och nu senast ocks\u00e5 <strong>Stockholms Stad<\/strong>.<br \/>\nBer\u00e4ttelsen som sk\u00f6rdas ur verkligheten kan st\u00e4rka bilden av kommunen och locka till sig b\u00e5de f\u00f6retag, entrepren\u00f6rer, medborgare och kanske viktigast av allt i denna tid, nya medarbetare. Kommunerna st\u00e5r inf\u00f6r stora nyrekryteringar i och med generationsv\u00e4xlingen som p\u00e5g\u00e5r.<br \/>\nH\u00e4r kan emotionell kommunikation i ber\u00e4ttarformat vara ett kraftfullt verktyg och komplement till det faktuella som annars dominerar i dessa sammanhang.<br \/>\n+++++++++++++++++++++++++++++++++++++++++++++++++<br \/>\nAprop\u00e5 emotionell kommunikation s\u00e5 h\u00e5ller jag p\u00e5 att utveckla en id\u00e9 tillsammans med filmaren <strong>Bj\u00f6rn Lindfors<\/strong>. Vi har redan gjort en kort pilotfilm som visar hur ett skogsbolag skulle kunna kommunicera h\u00e5llbarhet och milj\u00f6v\u00e4rden utan att ramla ned i den vanliga fakta- och policyf\u00e4llan.<br \/>\nHur ger man en kort, filmatiserad bild av ett milj\u00f6ansvar? Hur erbjuder man en bild som g\u00f6r att tittaren \/ lyssnaren k\u00e4nslom\u00e4ssigt kan f\u00f6rst\u00e5 ambitioner och l\u00e5ngsiktigt t\u00e4nkande utan att tvingas processa abstrakta tal och diagram i hj\u00e4rnan.<br \/>\nDetta har vi id\u00e9er om, Bj\u00f6rn Lindfors och jag.<br \/>\nAlla f\u00f6retag och organisationer m\u00e5ste numera f\u00f6rh\u00e5lla sig till h\u00e5llbarhet och milj\u00f6. Vi kan p\u00e5 olika s\u00e4tt kommunicera detta. Ett s\u00e4tt \u00e4r, menar jag, det emotionella ber\u00e4ttandet som \u00f6verf\u00f6r k\u00e4nslor. Det \u00e4r det vi utvecklar tillsammans och n\u00e5got som jag l\u00e4nge som storyteller har arbetat med.<br \/>\nSj\u00e4lvfallet st\u00e5r detta inte i mots\u00e4ttning till vanlig vetenskaplig och faktabaserad kommunikation. Men ibland kan det faktiskt vara ett bra komplement och till och med ett kraftfullt alternativ.<br \/>\nSkulle din organisation vilja h\u00f6ra mer om detta s\u00e5 kontakta mig p\u00e5 <a href=\"mailto:matts@storytellers.se\">matts@storytellers.se<\/a><br \/>\n+++++++++++++++++++++++++++++++++++++++++++++++++<br \/>\nAtt ber\u00e4tta om h\u00e4ndelser i bilder, vilket \u00e4r det vanliga dramaturgiska greppet inom storytelling, \u00e4r ocks\u00e5 n\u00e5got anv\u00e4ndbart f\u00f6r chefer. Jag coachar ofta chefer som vill ha st\u00f6d i att bjuda p\u00e5 sig sj\u00e4lva och ge emotionella bilder som speglar organisationen. Sverige beh\u00f6ver fler VB:ar. VB ska d\u00e5 tydas som Verkst\u00e4llande ber\u00e4ttare. Storytelling \u00e4r anv\u00e4ndbart i ledarskapet. Det har chefsmedia nu f\u00f6rst\u00e5tt eftersom de hela tiden vill intervjua mig om detta.<br \/>\nAprop\u00e5 intervjua s\u00e5 var jag s\u00e5 kallad expertkommentator i <strong>P1-morgon<\/strong> h\u00e4rom veckan n\u00e4r <strong>Apple<\/strong> introducerade Iphone p\u00e5 den svenska marknaden. Redaktionen ville ha kommentarer kring Apples marknadsf\u00f6ring och hur Apple regisserar en hype kring en produkt som \u00e4nnu ingen sett. Ett av svaren \u00e4r f\u00f6rst\u00e5s att de de skickligt b\u00f6rjar f\u00f6rs\u00e4ljningen en sekund \u00f6ver midnatt. Klockan 00.00.01. Det finns en l\u00e4nk p\u00e5 storytellers.se till den intervjun.<br \/>\nStorytelling har ocks\u00e5 uppm\u00e4rksammats i en rad dalatidningar i samband med att jag och konstn\u00e4ren <strong>Maria Backman<\/strong> samlade samtidsber\u00e4ttelser i V\u00e4sterdalarna nyligen. F\u00f6r att se att en kommun och en region utvecklas s\u00e5 m\u00e5ste man f\u00f6rst\u00e5s ber\u00e4tta. Exempelvis \u00e4r v\u00e4l inflyttningen av hundratals holl\u00e4ndska entrepren\u00f6rer i Dalaregionen n\u00e5got lika sp\u00e4nnande som att ber\u00e4tta om hur svedjefinnarna en g\u00e5ng kom.<br \/>\nMen f\u00f6r att komma \u00e5t den energin och p\u00e5verka av bilden och samtiden m\u00e5ste man allts\u00e5 ber\u00e4tta.<br \/>\n+++++++++++++++++++++++++++++++++++++++++++++++++<br \/>\nT\u00e4nk dig att ber\u00e4tta sagan om <strong>Askungen<\/strong> i ett power point-format. Det har en amerikan gjort f\u00f6r att med en motbild visa kraften i storytelling. Jag har en l\u00e4nk till Power Pointifierade Askungesagan p\u00e5 storytellers.se &#8211; den \u00e4r kul.<br \/>\n<strong>Grant Thornton<\/strong> som jag hj\u00e4lpte vid en sk\u00f6rdefest i <strong>Almedalen<\/strong> sommaren 2007 anv\u00e4nder nu ber\u00e4ttelserna p\u00e5 sitt intran\u00e4t s\u00e5 att varje vecka en ny story dyker upp och p\u00e5minner om att allt inte \u00e4r siffror och bokslut utan att det finns mycket annat i deras verksamhet som skildrar kultur, kompetens och medk\u00e4nsla.<br \/>\nBer\u00e4tta om n\u00e5got som faktiskt har h\u00e4nt, sikta mer mot hj\u00e4rtat  \u00e4n mot hj\u00e4rnan och anv\u00e4nd inte f\u00f6r mycket fakta och siffror. Det \u00e4r n\u00e5gra av r\u00e5den jag ger under 8 tankar om storytelling som finns p\u00e5 storytellers.se<br \/>\n+++++++++++++++++++++++++++++++++++++++++++++++++<br \/>\nJag skriver ocks\u00e5 i bloggen om det faktum att <strong>Word of Mouth<\/strong>, som m\u00e5nga talar om i dag, mun till mun allts\u00e5, inte beh\u00f6ver vara mun till mun och \u00f6ga mot \u00f6ga. Amerikanska unders\u00f6kningar visar faktiskt att vi lika g\u00e4rna tar emot det s\u00e5 kallade snacket via n\u00e4tet fr\u00e5n m\u00e4nniskor som vi har f\u00f6rtroende f\u00f6r trots att vi aldrig har tr\u00e4ffat dem.<br \/>\n+++++++++++++++++++++++++++++++++++++++++++++++++<br \/>\nDet var allt f\u00f6r den h\u00e4r g\u00e5ngen. Nu ska jag l\u00e4sa ur en bok jag hittade p\u00e5 Tradera. <strong><em>Dynastin Stenbeck, succ\u00e9er och tragedier i en finansfamilj<\/em><\/strong>. Jag hade anledning att filosofera \u00f6ver Stenbeck i samband med att jag sk\u00f6rdade Kanal 5-stories f\u00f6r n\u00e5gra \u00e5r sedan. Men d\u00e5 hade den h\u00e4r boken, skriven av <strong>Stellan Bj\u00f6rk<\/strong>, inte kommit ut \u00e4nnu.<br \/>\nS\u00e5 mycket vet jag att <strong>Kanal 5<\/strong> var en riktig Askungesaga om den mobbade kalkonkanalen som till slut, vid 15 \u00e5rs \u00e5lder, blev snyggast och b\u00e4st i klassen och till och med utmanade fina Stenbeckssf\u00e4ren och dess TV3.<br \/>\n+++++++++++++++++++++++++++++++++++++++++++++++++<br \/>\nDu har f\u00e5tt det h\u00e4r brevet f\u00f6r att du tecknat dig eller tackat ja till att vara med p\u00e5 s\u00e4ndlistan. Om du inte vill vara med l\u00e4ngre s\u00e5 v\u00e4nd detta mail med ett nej tack.<br \/>\nH\u00e4lsningar Matts Heijbel<br \/>\n18 juli 2008<br \/>\nStockholm \/ Gr\u00f6dinge<\/p>\n","protected":false},"excerpt":{"rendered":"<p>I dag har Nyhetsbrev 35 skickats till n\u00e4rmare 2000 prenumeranter. Vill du ocks\u00e5 bli prenumerant s\u00e5 g\u00e5r att kontakta mig p\u00e5 nyhetsbrev@storytellers.se eller skriva in dig sj\u00e4lv h\u00e4r en bit ned till h\u00f6ger. Det 35e brevet finns om du klickar p\u00e5 l\u00e4nken h\u00e4r under:<\/p>\n","protected":false},"author":2,"featured_media":0,"comment_status":"open","ping_status":"closed","sticky":false,"template":"","format":"standard","meta":[],"categories":[8],"tags":[],"_links":{"self":[{"href":"https:\/\/storytellers.se\/index.php?rest_route=\/wp\/v2\/posts\/1884"}],"collection":[{"href":"https:\/\/storytellers.se\/index.php?rest_route=\/wp\/v2\/posts"}],"about":[{"href":"https:\/\/storytellers.se\/index.php?rest_route=\/wp\/v2\/types\/post"}],"author":[{"embeddable":true,"href":"https:\/\/storytellers.se\/index.php?rest_route=\/wp\/v2\/users\/2"}],"replies":[{"embeddable":true,"href":"https:\/\/storytellers.se\/index.php?rest_route=%2Fwp%2Fv2%2Fcomments&post=1884"}],"version-history":[{"count":0,"href":"https:\/\/storytellers.se\/index.php?rest_route=\/wp\/v2\/posts\/1884\/revisions"}],"wp:attachment":[{"href":"https:\/\/storytellers.se\/index.php?rest_route=%2Fwp%2Fv2%2Fmedia&parent=1884"}],"wp:term":[{"taxonomy":"category","embeddable":true,"href":"https:\/\/storytellers.se\/index.php?rest_route=%2Fwp%2Fv2%2Fcategories&post=1884"},{"taxonomy":"post_tag","embeddable":true,"href":"https:\/\/storytellers.se\/index.php?rest_route=%2Fwp%2Fv2%2Ftags&post=1884"}],"curies":[{"name":"wp","href":"https:\/\/api.w.org\/{rel}","templated":true}]}}