{"id":1874,"date":"2008-07-12T11:15:56","date_gmt":"2008-07-12T10:15:56","guid":{"rendered":"http:\/\/heijbel.wordpress.com\/2008\/07\/12\/dalademokraten-om-stories"},"modified":"2008-07-12T11:15:56","modified_gmt":"2008-07-12T10:15:56","slug":"dalademokraten-om-stories","status":"publish","type":"post","link":"https:\/\/storytellers.se\/?p=1874","title":{"rendered":"Dalademokraten om stories"},"content":{"rendered":"<p>H\u00e4romdagen var jag och konstn\u00e4ren <a href=\"http:\/\/www.mariabackman.com\"><strong> Maria Backman<\/strong><\/a> i <strong>Fredriksberg<\/strong> i v\u00e4stra Dalarna. P\u00e5 Fredriksbergsdagen under S\u00e4fsenveckan samlade vi ber\u00e4ttelser fr\u00e5n nutid och visionsber\u00e4ttelser om framtiden. Genom att sk\u00f6rda ber\u00e4ttelser kan man ladda bygden med kraft. <a href=\"http:\/\/www.dalademokraten.se\/Nyheter\/Ludvika\/2008\/67752\/68973\/Samlade-historier-pa-Fredriksbergsdagen\/\"><strong> Dalademokraten<\/strong><\/a> uppm\u00e4rksammar detta i dagens tidning.<\/p>\n","protected":false},"excerpt":{"rendered":"<p>H\u00e4romdagen var jag och konstn\u00e4ren Maria Backman i Fredriksberg i v\u00e4stra Dalarna. P\u00e5 Fredriksbergsdagen under S\u00e4fsenveckan samlade vi ber\u00e4ttelser fr\u00e5n nutid och visionsber\u00e4ttelser om framtiden. Genom att sk\u00f6rda ber\u00e4ttelser kan man ladda bygden med kraft. Dalademokraten uppm\u00e4rksammar detta i dagens tidning.<\/p>\n","protected":false},"author":2,"featured_media":0,"comment_status":"open","ping_status":"closed","sticky":false,"template":"","format":"standard","meta":[],"categories":[3],"tags":[],"_links":{"self":[{"href":"https:\/\/storytellers.se\/index.php?rest_route=\/wp\/v2\/posts\/1874"}],"collection":[{"href":"https:\/\/storytellers.se\/index.php?rest_route=\/wp\/v2\/posts"}],"about":[{"href":"https:\/\/storytellers.se\/index.php?rest_route=\/wp\/v2\/types\/post"}],"author":[{"embeddable":true,"href":"https:\/\/storytellers.se\/index.php?rest_route=\/wp\/v2\/users\/2"}],"replies":[{"embeddable":true,"href":"https:\/\/storytellers.se\/index.php?rest_route=%2Fwp%2Fv2%2Fcomments&post=1874"}],"version-history":[{"count":0,"href":"https:\/\/storytellers.se\/index.php?rest_route=\/wp\/v2\/posts\/1874\/revisions"}],"wp:attachment":[{"href":"https:\/\/storytellers.se\/index.php?rest_route=%2Fwp%2Fv2%2Fmedia&parent=1874"}],"wp:term":[{"taxonomy":"category","embeddable":true,"href":"https:\/\/storytellers.se\/index.php?rest_route=%2Fwp%2Fv2%2Fcategories&post=1874"},{"taxonomy":"post_tag","embeddable":true,"href":"https:\/\/storytellers.se\/index.php?rest_route=%2Fwp%2Fv2%2Ftags&post=1874"}],"curies":[{"name":"wp","href":"https:\/\/api.w.org\/{rel}","templated":true}]}}